{"id":8810,"date":"2026-03-16T15:36:37","date_gmt":"2026-03-16T14:36:37","guid":{"rendered":"https:\/\/www.lembach.fr\/mairie\/?p=8810"},"modified":"2026-03-16T15:36:37","modified_gmt":"2026-03-16T14:36:37","slug":"resultats-du-scrutin-elections-municipales-15-mars-2026","status":"publish","type":"post","link":"https:\/\/www.lembach.fr\/mairie\/2026\/03\/16\/resultats-du-scrutin-elections-municipales-15-mars-2026\/","title":{"rendered":"R\u00e9sultats du scrutin &#8211; \u00c9lections municipales &#8211; 15 mars 2026"},"content":{"rendered":"<div class=\"xdj266r x14z9mp xat24cr x1lziwak x1vvkbs x126k92a\">\n<div dir=\"auto\" style=\"text-align: center;\"><span class=\"html-span xexx8yu xyri2b x18d9i69 x1c1uobl x1hl2dhg x16tdsg8 x1vvkbs x3nfvp2 x1j61x8r x1fcty0u xdj266r xat24cr xm2jcoa x1mpyi22 xxymvpz xlup9mm x1kky2od\"><img loading=\"lazy\" decoding=\"async\" class=\"xz74otr x15mokao x1ga7v0g x16uus16 xbiv7yw\" src=\"https:\/\/static.xx.fbcdn.net\/images\/emoji.php\/v9\/t8e\/1\/16\/2139.png\" alt=\"&#x2139;\" width=\"16\" height=\"16\" \/><\/span> INFO \u00c9LECTIONS <span class=\"html-span xexx8yu xyri2b x18d9i69 x1c1uobl x1hl2dhg x16tdsg8 x1vvkbs x3nfvp2 x1j61x8r x1fcty0u xdj266r xat24cr xm2jcoa x1mpyi22 xxymvpz xlup9mm x1kky2od\"><img loading=\"lazy\" decoding=\"async\" class=\"xz74otr x15mokao x1ga7v0g x16uus16 xbiv7yw\" src=\"https:\/\/static.xx.fbcdn.net\/images\/emoji.php\/v9\/t8e\/1\/16\/2139.png\" alt=\"&#x2139;\" width=\"16\" height=\"16\" \/><\/span><\/div>\n<\/div>\n<div dir=\"auto\"><\/div>\n<div dir=\"auto\"><\/div>\n<div class=\"xdj266r x14z9mp xat24cr x1lziwak x1vvkbs x126k92a\">\n<h4 dir=\"auto\"><span style=\"text-decoration: underline;\">R\u00e9sultats du scrutin :<\/span><\/h4>\n<h4 dir=\"auto\"><span class=\"html-span xexx8yu xyri2b x18d9i69 x1c1uobl x1hl2dhg x16tdsg8 x1vvkbs x3nfvp2 x1j61x8r x1fcty0u xdj266r xat24cr xm2jcoa x1mpyi22 xxymvpz xlup9mm x1kky2od\"><img loading=\"lazy\" decoding=\"async\" class=\"xz74otr x15mokao x1ga7v0g x16uus16 xbiv7yw\" src=\"https:\/\/static.xx.fbcdn.net\/images\/emoji.php\/v9\/t4c\/1\/16\/25aa.png\" alt=\"&#x25aa;&#xfe0f;\" width=\"16\" height=\"16\" \/><\/span>Lembach 2026 &#8211; Nos villages, notre avenir (Christian Trautmann) :<\/h4>\n<h4 dir=\"auto\">463 voix (424 \u00e0 Lembach &#8211; 39 \u00e0 Mattstall)<\/h4>\n<h4 dir=\"auto\"><span class=\"html-span xexx8yu xyri2b x18d9i69 x1c1uobl x1hl2dhg x16tdsg8 x1vvkbs x3nfvp2 x1j61x8r x1fcty0u xdj266r xat24cr xm2jcoa x1mpyi22 xxymvpz xlup9mm x1kky2od\"><img loading=\"lazy\" decoding=\"async\" class=\"xz74otr x15mokao x1ga7v0g x16uus16 xbiv7yw\" src=\"https:\/\/static.xx.fbcdn.net\/images\/emoji.php\/v9\/t4c\/1\/16\/25aa.png\" alt=\"&#x25aa;&#xfe0f;\" width=\"16\" height=\"16\" \/><\/span>Unis et Engag\u00e9s pour l&rsquo;avenir &#8211; Lembach 2026 (Sylvain Royal) :<\/h4>\n<h4 dir=\"auto\">450 voix (373 \u00e0 Lembach &#8211; 77 \u00e0 Mattstall)<\/h4>\n<\/div>\n<div dir=\"auto\"><\/div>\n<div dir=\"auto\"><\/div>\n<div class=\"x14z9mp xat24cr x1lziwak x1vvkbs xtlvy1s x126k92a\">\n<div dir=\"auto\">Nombre d&rsquo;inscrits : 1215<\/div>\n<div dir=\"auto\">Nombre de votants : 936<\/div>\n<div dir=\"auto\">Nombre de voix exprim\u00e9es : 913<\/div>\n<div dir=\"auto\">Nuls : 9 voix<\/div>\n<div dir=\"auto\">Blancs : 11 voix<\/div>\n<div dir=\"auto\">Vides : 3 voix<\/div>\n<\/div>\n<div dir=\"auto\"><\/div>\n<div dir=\"auto\"><a href=\"https:\/\/www.lembach.fr\/mairie\/wp-content\/uploads\/2026\/03\/Elections-municipales-et-communautaires-des-15-et-22-mars-2026.jpg\"><img loading=\"lazy\" decoding=\"async\" class=\"alignnone  wp-image-8812\" src=\"https:\/\/www.lembach.fr\/mairie\/wp-content\/uploads\/2026\/03\/Elections-municipales-et-communautaires-des-15-et-22-mars-2026.jpg\" alt=\"\" width=\"538\" height=\"327\" srcset=\"https:\/\/www.lembach.fr\/mairie\/wp-content\/uploads\/2026\/03\/Elections-municipales-et-communautaires-des-15-et-22-mars-2026.jpg 1146w, https:\/\/www.lembach.fr\/mairie\/wp-content\/uploads\/2026\/03\/Elections-municipales-et-communautaires-des-15-et-22-mars-2026-300x182.jpg 300w, https:\/\/www.lembach.fr\/mairie\/wp-content\/uploads\/2026\/03\/Elections-municipales-et-communautaires-des-15-et-22-mars-2026-1024x623.jpg 1024w, https:\/\/www.lembach.fr\/mairie\/wp-content\/uploads\/2026\/03\/Elections-municipales-et-communautaires-des-15-et-22-mars-2026-768x467.jpg 768w, https:\/\/www.lembach.fr\/mairie\/wp-content\/uploads\/2026\/03\/Elections-municipales-et-communautaires-des-15-et-22-mars-2026-847x515.jpg 847w\" sizes=\"auto, (max-width: 538px) 100vw, 538px\" \/><\/a><\/div>\n","protected":false},"excerpt":{"rendered":"<p>INFO \u00c9LECTIONS R\u00e9sultats du scrutin : Lembach 2026 &#8211; Nos villages, notre avenir (Christian Trautmann) : 463 voix (424 \u00e0 Lembach &#8211; 39 \u00e0 Mattstall) Unis et Engag\u00e9s pour l&rsquo;avenir &#8211; Lembach 2026 (Sylvain Royal) : 450 voix (373 \u00e0 Lembach &#8211; 77 \u00e0 Mattstall) Nombre d&rsquo;inscrits : 1215 Nombre de votants : 936 Nombre &hellip; <\/p>\n<p><a class=\"more-link btn\" href=\"https:\/\/www.lembach.fr\/mairie\/2026\/03\/16\/resultats-du-scrutin-elections-municipales-15-mars-2026\/\">Lire la suite<\/a><\/p>\n","protected":false},"author":5,"featured_media":0,"comment_status":"closed","ping_status":"closed","sticky":false,"template":"","format":"standard","meta":{"footnotes":""},"categories":[12],"tags":[],"class_list":["post-8810","post","type-post","status-publish","format-standard","hentry","category-informations","item-wrap"],"_links":{"self":[{"href":"https:\/\/www.lembach.fr\/mairie\/wp-json\/wp\/v2\/posts\/8810","targetHints":{"allow":["GET"]}}],"collection":[{"href":"https:\/\/www.lembach.fr\/mairie\/wp-json\/wp\/v2\/posts"}],"about":[{"href":"https:\/\/www.lembach.fr\/mairie\/wp-json\/wp\/v2\/types\/post"}],"author":[{"embeddable":true,"href":"https:\/\/www.lembach.fr\/mairie\/wp-json\/wp\/v2\/users\/5"}],"replies":[{"embeddable":true,"href":"https:\/\/www.lembach.fr\/mairie\/wp-json\/wp\/v2\/comments?post=8810"}],"version-history":[{"count":2,"href":"https:\/\/www.lembach.fr\/mairie\/wp-json\/wp\/v2\/posts\/8810\/revisions"}],"predecessor-version":[{"id":8813,"href":"https:\/\/www.lembach.fr\/mairie\/wp-json\/wp\/v2\/posts\/8810\/revisions\/8813"}],"wp:attachment":[{"href":"https:\/\/www.lembach.fr\/mairie\/wp-json\/wp\/v2\/media?parent=8810"}],"wp:term":[{"taxonomy":"category","embeddable":true,"href":"https:\/\/www.lembach.fr\/mairie\/wp-json\/wp\/v2\/categories?post=8810"},{"taxonomy":"post_tag","embeddable":true,"href":"https:\/\/www.lembach.fr\/mairie\/wp-json\/wp\/v2\/tags?post=8810"}],"curies":[{"name":"wp","href":"https:\/\/api.w.org\/{rel}","templated":true}]}}