{"id":8808,"date":"2026-03-13T11:12:30","date_gmt":"2026-03-13T10:12:30","guid":{"rendered":"https:\/\/www.lembach.fr\/mairie\/?p=8808"},"modified":"2026-03-13T11:12:30","modified_gmt":"2026-03-13T10:12:30","slug":"info-elections","status":"publish","type":"post","link":"https:\/\/www.lembach.fr\/mairie\/2026\/03\/13\/info-elections\/","title":{"rendered":"INFO \u00c9LECTIONS"},"content":{"rendered":"<h3 style=\"text-align: center;\">\u00c9LECTIONS MUNICIPALES<\/h3>\n<h4><\/h4>\n<h4>Le premier tour des \u00e9lections municipales aura lieu ce dimanche 15 mars 2026, de 8h \u00e0 18h<\/h4>\n<ul>\n<li>A la mairie de Lembach, au 1 route de Bitche pour le bureau de vote 1<\/li>\n<li>A la mairie de Mattstall, au 11 rue principale pour le bureau de vote 2<\/li>\n<\/ul>\n<p>&nbsp;<\/p>\n<div class=\"xdj266r x14z9mp xat24cr x1lziwak x1vvkbs x126k92a\">\n<h4 dir=\"auto\">\u00c0 l\u2019approche du scrutin, voici quelques rappels concernant les modalit\u00e9s de vote dans la commune de Lembach, o\u00f9 deux listes de candidats sont en pr\u00e9sence :<\/h4>\n<\/div>\n<div class=\"x14z9mp xat24cr x1lziwak x1vvkbs xtlvy1s x126k92a\">\n<div dir=\"auto\"><span class=\"html-span xexx8yu xyri2b x18d9i69 x1c1uobl x1hl2dhg x16tdsg8 x1vvkbs x3nfvp2 x1j61x8r x1fcty0u xdj266r xat24cr xm2jcoa x1mpyi22 xxymvpz xlup9mm x1kky2od\"><img loading=\"lazy\" decoding=\"async\" class=\"xz74otr x15mokao x1ga7v0g x16uus16 xbiv7yw\" src=\"https:\/\/static.xx.fbcdn.net\/images\/emoji.php\/v9\/t51\/1\/16\/1f449.png\" alt=\"&#x1f449;\" width=\"16\" height=\"16\" \/><\/span> Le panachage, qui consiste \u00e0 ajouter ou supprimer des noms, ou modifier l\u2019ordre des candidatures sur le bulletin de vote, de m\u00eame que toute rature ou autre signe distinctif, rendra votre bulletin nul<\/div>\n<div dir=\"auto\"><\/div>\n<\/div>\n<div class=\"x14z9mp xat24cr x1lziwak x1vvkbs xtlvy1s x126k92a\">\n<div dir=\"auto\"><span class=\"html-span xexx8yu xyri2b x18d9i69 x1c1uobl x1hl2dhg x16tdsg8 x1vvkbs x3nfvp2 x1j61x8r x1fcty0u xdj266r xat24cr xm2jcoa x1mpyi22 xxymvpz xlup9mm x1kky2od\"><img loading=\"lazy\" decoding=\"async\" class=\"xz74otr x15mokao x1ga7v0g x16uus16 xbiv7yw\" src=\"https:\/\/static.xx.fbcdn.net\/images\/emoji.php\/v9\/t51\/1\/16\/1f449.png\" alt=\"&#x1f449;\" width=\"16\" height=\"16\" \/><\/span> Au premier tour du 15 mars, la liste qui obtient la majorit\u00e9 absolue (c\u2019est-\u00e0-dire +50% des suffrages exprim\u00e9s), aura automatiquement la moiti\u00e9 des si\u00e8ges \u00e0 pourvoir, \u00e0 savoir la prime majoritaire, soit 8 si\u00e8ges pour la commune de Lembach. Le reste des si\u00e8ges, soit les 7 restants, sont r\u00e9partis entre les deux listes pr\u00e9sent\u00e9es ayant obtenu au moins 5% des suffrages exprim\u00e9s<\/div>\n<div dir=\"auto\"><\/div>\n<\/div>\n<div class=\"x14z9mp xat24cr x1lziwak x1vvkbs xtlvy1s x126k92a\">\n<div dir=\"auto\"><span class=\"html-span xexx8yu xyri2b x18d9i69 x1c1uobl x1hl2dhg x16tdsg8 x1vvkbs x3nfvp2 x1j61x8r x1fcty0u xdj266r xat24cr xm2jcoa x1mpyi22 xxymvpz xlup9mm x1kky2od\"><img loading=\"lazy\" decoding=\"async\" class=\"xz74otr x15mokao x1ga7v0g x16uus16 xbiv7yw\" src=\"https:\/\/static.xx.fbcdn.net\/images\/emoji.php\/v9\/t51\/1\/16\/1f449.png\" alt=\"&#x1f449;\" width=\"16\" height=\"16\" \/><\/span> Un second tour est organis\u00e9 si aucune liste n\u2019obtient 50% des suffrages exprim\u00e9s au premier tour. La liste arriv\u00e9e en t\u00eate au second (m\u00eame sans majorit\u00e9 absolue) re\u00e7oit la prime majoritaire, c\u2019est-\u00e0-dire la moiti\u00e9 des si\u00e8ges arrondie \u00e0 l\u2019entier sup\u00e9rieur. Les si\u00e8ges restants sont r\u00e9partis \u00e0 la proportionnelle<\/div>\n<\/div>\n<div dir=\"auto\"><\/div>\n<div dir=\"auto\">\n<div class=\"xdj266r x14z9mp xat24cr x1lziwak x1vvkbs x126k92a\">\n<div dir=\"auto\">Pour voter, la pr\u00e9sentation d&rsquo;une<strong> pi\u00e8ce d&rsquo;identit\u00e9 est obligatoire\u00a0<\/strong> <span class=\"html-span xexx8yu xyri2b x18d9i69 x1c1uobl x1hl2dhg x16tdsg8 x1vvkbs x3nfvp2 x1j61x8r x1fcty0u xdj266r xat24cr xm2jcoa x1mpyi22 xxymvpz xlup9mm x1kky2od\"><img loading=\"lazy\" decoding=\"async\" class=\"xz74otr x15mokao x1ga7v0g x16uus16 xbiv7yw\" src=\"https:\/\/static.xx.fbcdn.net\/images\/emoji.php\/v9\/t37\/1\/16\/2709.png\" alt=\"&#x2709;&#xfe0f;\" width=\"16\" height=\"16\" \/><\/span><\/div>\n<div dir=\"auto\">Voici la liste ci-dessous des documents que vous pourrez pr\u00e9senter au bureau de vote <span class=\"html-span xexx8yu xyri2b x18d9i69 x1c1uobl x1hl2dhg x16tdsg8 x1vvkbs x3nfvp2 x1j61x8r x1fcty0u xdj266r xat24cr xm2jcoa x1mpyi22 xxymvpz xlup9mm x1kky2od\"><img loading=\"lazy\" decoding=\"async\" class=\"xz74otr x15mokao x1ga7v0g x16uus16 xbiv7yw\" src=\"https:\/\/static.xx.fbcdn.net\/images\/emoji.php\/v9\/t8a\/1\/16\/1f447_1f3fb.png\" alt=\"&#x1f447;&#x1f3fb;\" width=\"16\" height=\"16\" \/><\/span><\/div>\n<\/div>\n<div class=\"x14z9mp xat24cr x1lziwak x1vvkbs xtlvy1s x126k92a\">\n<div dir=\"auto\"><\/div>\n<div dir=\"auto\">source : <span class=\"html-span xdj266r x14z9mp xat24cr x1lziwak xexx8yu xyri2b x18d9i69 x1c1uobl x1hl2dhg x16tdsg8 x1vvkbs\"><a class=\"x1i10hfl xjbqb8w x1ejq31n x18oe1m7 x1sy0etr xstzfhl x972fbf x10w94by x1qhh985 x14e42zd x9f619 x1ypdohk xt0psk2 x3ct3a4 xdj266r x14z9mp xat24cr x1lziwak xexx8yu xyri2b x18d9i69 x1c1uobl x16tdsg8 x1hl2dhg xggy1nq x1a2a7pz xkrqix3 x1sur9pj x1fey0fg x1s688f\" tabindex=\"0\" role=\"link\" href=\"https:\/\/www.service-public.gouv.fr\/particuliers\/vosdroits\/F1361?fbclid=IwZXh0bgNhZW0CMTAAYnJpZBEwOHRZOEEwYlZ5YU5zY2RZMXNydGMGYXBwX2lkEDIyMjAzOTE3ODgyMDA4OTIAAR4ap1XF-O_v9mEyYIV71aJr0XkCBzAS0MlabpUM82iTJuosdj_ZffNn2tfjqA_aem_Y56XDFAErC9w81hDZkJibQ\" target=\"_blank\" rel=\"nofollow noopener noreferrer\">https:\/\/www.service-public.gouv.fr\/partic&#8230;\/vosdroits\/F1361<\/a><\/span><\/div>\n<\/div>\n<\/div>\n<div dir=\"auto\"><\/div>\n<div dir=\"auto\"><\/div>\n<div dir=\"auto\"><a href=\"https:\/\/www.lembach.fr\/mairie\/wp-content\/uploads\/2026\/03\/649777334_1358926872947433_2026563300640351766_n.jpg\"><img loading=\"lazy\" decoding=\"async\" class=\"alignnone  wp-image-8805\" src=\"https:\/\/www.lembach.fr\/mairie\/wp-content\/uploads\/2026\/03\/649777334_1358926872947433_2026563300640351766_n.jpg\" alt=\"\" width=\"658\" height=\"877\" srcset=\"https:\/\/www.lembach.fr\/mairie\/wp-content\/uploads\/2026\/03\/649777334_1358926872947433_2026563300640351766_n.jpg 1080w, https:\/\/www.lembach.fr\/mairie\/wp-content\/uploads\/2026\/03\/649777334_1358926872947433_2026563300640351766_n-225x300.jpg 225w, https:\/\/www.lembach.fr\/mairie\/wp-content\/uploads\/2026\/03\/649777334_1358926872947433_2026563300640351766_n-768x1024.jpg 768w, https:\/\/www.lembach.fr\/mairie\/wp-content\/uploads\/2026\/03\/649777334_1358926872947433_2026563300640351766_n-847x1129.jpg 847w\" sizes=\"auto, (max-width: 658px) 100vw, 658px\" \/><\/a><a href=\"https:\/\/www.lembach.fr\/mairie\/wp-content\/uploads\/2026\/03\/650069794_1358927109614076_3905895549873648610_n.jpg\"><img loading=\"lazy\" decoding=\"async\" class=\"alignnone  wp-image-8806\" src=\"https:\/\/www.lembach.fr\/mairie\/wp-content\/uploads\/2026\/03\/650069794_1358927109614076_3905895549873648610_n.jpg\" alt=\"\" width=\"643\" height=\"830\" srcset=\"https:\/\/www.lembach.fr\/mairie\/wp-content\/uploads\/2026\/03\/650069794_1358927109614076_3905895549873648610_n.jpg 1214w, https:\/\/www.lembach.fr\/mairie\/wp-content\/uploads\/2026\/03\/650069794_1358927109614076_3905895549873648610_n-233x300.jpg 233w, https:\/\/www.lembach.fr\/mairie\/wp-content\/uploads\/2026\/03\/650069794_1358927109614076_3905895549873648610_n-794x1024.jpg 794w, https:\/\/www.lembach.fr\/mairie\/wp-content\/uploads\/2026\/03\/650069794_1358927109614076_3905895549873648610_n-768x991.jpg 768w, https:\/\/www.lembach.fr\/mairie\/wp-content\/uploads\/2026\/03\/650069794_1358927109614076_3905895549873648610_n-1191x1536.jpg 1191w, https:\/\/www.lembach.fr\/mairie\/wp-content\/uploads\/2026\/03\/650069794_1358927109614076_3905895549873648610_n-847x1093.jpg 847w\" sizes=\"auto, (max-width: 643px) 100vw, 643px\" \/><\/a><\/div>\n<div dir=\"auto\"><\/div>\n<div dir=\"auto\"><a href=\"https:\/\/www.lembach.fr\/mairie\/wp-content\/uploads\/2026\/03\/651272577_1360320222808098_1333714666056219221_n.jpg\"><img loading=\"lazy\" decoding=\"async\" class=\"alignnone size-full wp-image-8807\" src=\"https:\/\/www.lembach.fr\/mairie\/wp-content\/uploads\/2026\/03\/651272577_1360320222808098_1333714666056219221_n.jpg\" alt=\"\" width=\"521\" height=\"720\" srcset=\"https:\/\/www.lembach.fr\/mairie\/wp-content\/uploads\/2026\/03\/651272577_1360320222808098_1333714666056219221_n.jpg 521w, https:\/\/www.lembach.fr\/mairie\/wp-content\/uploads\/2026\/03\/651272577_1360320222808098_1333714666056219221_n-217x300.jpg 217w\" sizes=\"auto, (max-width: 521px) 100vw, 521px\" \/><\/a><\/div>\n","protected":false},"excerpt":{"rendered":"<p>\u00c9LECTIONS MUNICIPALES Le premier tour des \u00e9lections municipales aura lieu ce dimanche 15 mars 2026, de 8h \u00e0 18h A la mairie de Lembach, au 1 route de Bitche pour le bureau de vote 1 A la mairie de Mattstall, au 11 rue principale pour le bureau de vote 2 &nbsp; \u00c0 l\u2019approche du scrutin, &hellip; <\/p>\n<p><a class=\"more-link btn\" href=\"https:\/\/www.lembach.fr\/mairie\/2026\/03\/13\/info-elections\/\">Lire la suite<\/a><\/p>\n","protected":false},"author":5,"featured_media":0,"comment_status":"closed","ping_status":"closed","sticky":false,"template":"","format":"standard","meta":{"footnotes":""},"categories":[14,12],"tags":[],"class_list":["post-8808","post","type-post","status-publish","format-standard","hentry","category-administratif","category-informations","item-wrap"],"_links":{"self":[{"href":"https:\/\/www.lembach.fr\/mairie\/wp-json\/wp\/v2\/posts\/8808","targetHints":{"allow":["GET"]}}],"collection":[{"href":"https:\/\/www.lembach.fr\/mairie\/wp-json\/wp\/v2\/posts"}],"about":[{"href":"https:\/\/www.lembach.fr\/mairie\/wp-json\/wp\/v2\/types\/post"}],"author":[{"embeddable":true,"href":"https:\/\/www.lembach.fr\/mairie\/wp-json\/wp\/v2\/users\/5"}],"replies":[{"embeddable":true,"href":"https:\/\/www.lembach.fr\/mairie\/wp-json\/wp\/v2\/comments?post=8808"}],"version-history":[{"count":1,"href":"https:\/\/www.lembach.fr\/mairie\/wp-json\/wp\/v2\/posts\/8808\/revisions"}],"predecessor-version":[{"id":8809,"href":"https:\/\/www.lembach.fr\/mairie\/wp-json\/wp\/v2\/posts\/8808\/revisions\/8809"}],"wp:attachment":[{"href":"https:\/\/www.lembach.fr\/mairie\/wp-json\/wp\/v2\/media?parent=8808"}],"wp:term":[{"taxonomy":"category","embeddable":true,"href":"https:\/\/www.lembach.fr\/mairie\/wp-json\/wp\/v2\/categories?post=8808"},{"taxonomy":"post_tag","embeddable":true,"href":"https:\/\/www.lembach.fr\/mairie\/wp-json\/wp\/v2\/tags?post=8808"}],"curies":[{"name":"wp","href":"https:\/\/api.w.org\/{rel}","templated":true}]}}