{"id":8803,"date":"2026-03-13T11:03:18","date_gmt":"2026-03-13T10:03:18","guid":{"rendered":"https:\/\/www.lembach.fr\/mairie\/?p=8803"},"modified":"2026-03-13T11:03:18","modified_gmt":"2026-03-13T10:03:18","slug":"travaux-route-de-woerth-20-mars-au-9-avril","status":"publish","type":"post","link":"https:\/\/www.lembach.fr\/mairie\/2026\/03\/13\/travaux-route-de-woerth-20-mars-au-9-avril\/","title":{"rendered":"Travaux Route de Woerth &#8211; 20 mars au 9 avril"},"content":{"rendered":"<div dir=\"auto\" style=\"text-align: center;\">&#8211; INFO TRAVAUX <span class=\"html-span xexx8yu xyri2b x18d9i69 x1c1uobl x1hl2dhg x16tdsg8 x1vvkbs x3nfvp2 x1j61x8r x1fcty0u xdj266r xat24cr xm2jcoa x1mpyi22 xxymvpz xlup9mm x1kky2od\">&#8211; <\/span><\/div>\n<div dir=\"auto\"><\/div>\n<div dir=\"auto\" style=\"text-align: center;\">Des travaux de r\u00e9paration d&rsquo;un fourreau, au niveau du 25C route de Woerth,<\/div>\n<div dir=\"auto\" style=\"text-align: center;\">auront lieu \u00e0 partir du 20 mars et jusqu&rsquo;au 9 avril<\/div>\n<div dir=\"auto\" style=\"text-align: center;\">Pendant la p\u00e9riode de travaux, la vitesse de circulation dans ce secteur sera limit\u00e9e \u00e0 30km\/heure<\/div>\n<div dir=\"auto\"><\/div>\n<div dir=\"auto\"><a href=\"https:\/\/www.lembach.fr\/mairie\/wp-content\/uploads\/2026\/03\/646552449_1355503963289724_2607548657406190518_n.jpg\"><img loading=\"lazy\" decoding=\"async\" class=\"size-full wp-image-8802 aligncenter\" src=\"https:\/\/www.lembach.fr\/mairie\/wp-content\/uploads\/2026\/03\/646552449_1355503963289724_2607548657406190518_n.jpg\" alt=\"\" width=\"590\" height=\"509\" srcset=\"https:\/\/www.lembach.fr\/mairie\/wp-content\/uploads\/2026\/03\/646552449_1355503963289724_2607548657406190518_n.jpg 590w, https:\/\/www.lembach.fr\/mairie\/wp-content\/uploads\/2026\/03\/646552449_1355503963289724_2607548657406190518_n-300x259.jpg 300w\" sizes=\"auto, (max-width: 590px) 100vw, 590px\" \/><\/a><\/div>\n","protected":false},"excerpt":{"rendered":"<p>&#8211; INFO TRAVAUX &#8211; Des travaux de r\u00e9paration d&rsquo;un fourreau, au niveau du 25C route de Woerth, auront lieu \u00e0 partir du 20 mars et jusqu&rsquo;au 9 avril Pendant la p\u00e9riode de travaux, la vitesse de circulation dans ce secteur sera limit\u00e9e \u00e0 30km\/heure<\/p>\n","protected":false},"author":5,"featured_media":0,"comment_status":"closed","ping_status":"closed","sticky":false,"template":"","format":"standard","meta":{"footnotes":""},"categories":[1],"tags":[],"class_list":["post-8803","post","type-post","status-publish","format-standard","hentry","category-non-classe","item-wrap"],"_links":{"self":[{"href":"https:\/\/www.lembach.fr\/mairie\/wp-json\/wp\/v2\/posts\/8803","targetHints":{"allow":["GET"]}}],"collection":[{"href":"https:\/\/www.lembach.fr\/mairie\/wp-json\/wp\/v2\/posts"}],"about":[{"href":"https:\/\/www.lembach.fr\/mairie\/wp-json\/wp\/v2\/types\/post"}],"author":[{"embeddable":true,"href":"https:\/\/www.lembach.fr\/mairie\/wp-json\/wp\/v2\/users\/5"}],"replies":[{"embeddable":true,"href":"https:\/\/www.lembach.fr\/mairie\/wp-json\/wp\/v2\/comments?post=8803"}],"version-history":[{"count":1,"href":"https:\/\/www.lembach.fr\/mairie\/wp-json\/wp\/v2\/posts\/8803\/revisions"}],"predecessor-version":[{"id":8804,"href":"https:\/\/www.lembach.fr\/mairie\/wp-json\/wp\/v2\/posts\/8803\/revisions\/8804"}],"wp:attachment":[{"href":"https:\/\/www.lembach.fr\/mairie\/wp-json\/wp\/v2\/media?parent=8803"}],"wp:term":[{"taxonomy":"category","embeddable":true,"href":"https:\/\/www.lembach.fr\/mairie\/wp-json\/wp\/v2\/categories?post=8803"},{"taxonomy":"post_tag","embeddable":true,"href":"https:\/\/www.lembach.fr\/mairie\/wp-json\/wp\/v2\/tags?post=8803"}],"curies":[{"name":"wp","href":"https:\/\/api.w.org\/{rel}","templated":true}]}}