{"id":8681,"date":"2025-12-12T12:26:42","date_gmt":"2025-12-12T11:26:42","guid":{"rendered":"https:\/\/www.lembach.fr\/mairie\/?p=8681"},"modified":"2025-12-12T12:26:42","modified_gmt":"2025-12-12T11:26:42","slug":"travaux-sur-piste-cyclable-vers-tannenbruck","status":"publish","type":"post","link":"https:\/\/www.lembach.fr\/mairie\/2025\/12\/12\/travaux-sur-piste-cyclable-vers-tannenbruck\/","title":{"rendered":"Travaux sur piste cyclable vers Tannenbr\u00fcck"},"content":{"rendered":"<h4><\/h4>\n<h4 style=\"text-align: center;\">La piste cyclable entre Lembach et la Tannenbr\u00fcck sera ferm\u00e9e \u00e0 compter du lundi 15 d\u00e9cembre 7h au mercredi 17 d\u00e9cembre 17h, en raison de travaux de r\u00e9fection<\/h4>\n<p><a href=\"https:\/\/www.lembach.fr\/mairie\/wp-content\/uploads\/2025\/12\/2025-12-12-travaux-piste-cyclable-tannenbruck.jpg\"><img loading=\"lazy\" decoding=\"async\" class=\"size-full wp-image-8680 aligncenter\" src=\"https:\/\/www.lembach.fr\/mairie\/wp-content\/uploads\/2025\/12\/2025-12-12-travaux-piste-cyclable-tannenbruck.jpg\" alt=\"\" width=\"898\" height=\"727\" srcset=\"https:\/\/www.lembach.fr\/mairie\/wp-content\/uploads\/2025\/12\/2025-12-12-travaux-piste-cyclable-tannenbruck.jpg 898w, https:\/\/www.lembach.fr\/mairie\/wp-content\/uploads\/2025\/12\/2025-12-12-travaux-piste-cyclable-tannenbruck-300x243.jpg 300w, https:\/\/www.lembach.fr\/mairie\/wp-content\/uploads\/2025\/12\/2025-12-12-travaux-piste-cyclable-tannenbruck-768x622.jpg 768w, https:\/\/www.lembach.fr\/mairie\/wp-content\/uploads\/2025\/12\/2025-12-12-travaux-piste-cyclable-tannenbruck-847x686.jpg 847w\" sizes=\"auto, (max-width: 898px) 100vw, 898px\" \/><\/a><\/p>\n","protected":false},"excerpt":{"rendered":"<p>La piste cyclable entre Lembach et la Tannenbr\u00fcck sera ferm\u00e9e \u00e0 compter du lundi 15 d\u00e9cembre 7h au mercredi 17 d\u00e9cembre 17h, en raison de travaux de r\u00e9fection<\/p>\n","protected":false},"author":5,"featured_media":0,"comment_status":"closed","ping_status":"closed","sticky":false,"template":"","format":"standard","meta":{"footnotes":""},"categories":[1],"tags":[],"class_list":["post-8681","post","type-post","status-publish","format-standard","hentry","category-non-classe","item-wrap"],"_links":{"self":[{"href":"https:\/\/www.lembach.fr\/mairie\/wp-json\/wp\/v2\/posts\/8681","targetHints":{"allow":["GET"]}}],"collection":[{"href":"https:\/\/www.lembach.fr\/mairie\/wp-json\/wp\/v2\/posts"}],"about":[{"href":"https:\/\/www.lembach.fr\/mairie\/wp-json\/wp\/v2\/types\/post"}],"author":[{"embeddable":true,"href":"https:\/\/www.lembach.fr\/mairie\/wp-json\/wp\/v2\/users\/5"}],"replies":[{"embeddable":true,"href":"https:\/\/www.lembach.fr\/mairie\/wp-json\/wp\/v2\/comments?post=8681"}],"version-history":[{"count":1,"href":"https:\/\/www.lembach.fr\/mairie\/wp-json\/wp\/v2\/posts\/8681\/revisions"}],"predecessor-version":[{"id":8682,"href":"https:\/\/www.lembach.fr\/mairie\/wp-json\/wp\/v2\/posts\/8681\/revisions\/8682"}],"wp:attachment":[{"href":"https:\/\/www.lembach.fr\/mairie\/wp-json\/wp\/v2\/media?parent=8681"}],"wp:term":[{"taxonomy":"category","embeddable":true,"href":"https:\/\/www.lembach.fr\/mairie\/wp-json\/wp\/v2\/categories?post=8681"},{"taxonomy":"post_tag","embeddable":true,"href":"https:\/\/www.lembach.fr\/mairie\/wp-json\/wp\/v2\/tags?post=8681"}],"curies":[{"name":"wp","href":"https:\/\/api.w.org\/{rel}","templated":true}]}}