{"id":8551,"date":"2025-09-08T09:27:26","date_gmt":"2025-09-08T07:27:26","guid":{"rendered":"https:\/\/www.lembach.fr\/mairie\/?p=8551"},"modified":"2025-09-08T09:31:08","modified_gmt":"2025-09-08T07:31:08","slug":"semaine-danimations-a-la-kfet-du-12-au-19-septembre","status":"publish","type":"post","link":"https:\/\/www.lembach.fr\/mairie\/2025\/09\/08\/semaine-danimations-a-la-kfet-du-12-au-19-septembre\/","title":{"rendered":"Semaine d\u2019animations \u00e0 La K\u2019Fet &#8211; du 12 au 19 septembre"},"content":{"rendered":"<div class=\"html-div xdj266r x14z9mp xat24cr x1lziwak xexx8yu xyri2b x18d9i69 x1c1uobl\" dir=\"auto\">\n<div class=\"html-div xdj266r x14z9mp xat24cr x1lziwak xexx8yu xyri2b x18d9i69 x1c1uobl\" data-ad-rendering-role=\"story_message\">\n<div id=\"_r_4_\" class=\"x1l90r2v x1iorvi4 x1g0dm76 xpdmqnj\" data-ad-comet-preview=\"message\" data-ad-preview=\"message\">\n<div class=\"x78zum5 xdt5ytf xz62fqu x16ldp7u\">\n<div class=\"xu06os2 x1ok221b\">\n<div class=\"html-div xdj266r x14z9mp xat24cr x1lziwak xexx8yu xyri2b x18d9i69 x1c1uobl\">\n<div class=\"xdj266r x14z9mp xat24cr x1lziwak x1vvkbs x126k92a\"><\/div>\n<div class=\"x14z9mp xat24cr x1lziwak x1vvkbs xtlvy1s x126k92a\">\n<div dir=\"auto\" style=\"text-align: center;\"><strong>OUVERTURE DE LA K&rsquo;FET A PREUSCHDORF!<\/strong><\/div>\n<div dir=\"auto\" style=\"text-align: center;\">du 12 au 19 septembre 2025 &#8211; tous les jours du 17h \u00e0 20h<\/div>\n<div dir=\"auto\" style=\"text-align: center;\">La K&rsquo;Fet &#8211; 18 rue Hattenweg, Preuschdorf<\/div>\n<\/div>\n<div dir=\"auto\"><\/div>\n<div class=\"x14z9mp xat24cr x1lziwak x1vvkbs xtlvy1s x126k92a\">\n<div dir=\"auto\">Un tout nouvel espace convivial et original en bordure d\u2019une friche industrielle !<\/div>\n<div dir=\"auto\">Venez d\u00e9couvrir \u00ab\u00a0La K&rsquo;Fet\u00a0\u00bb, un tiers-lieu associatif, culturel et scientifique, pens\u00e9 pour se retrouver, \u00e9changer, partager\u2026 et passer un bon moment <span class=\"html-span xexx8yu xyri2b x18d9i69 x1c1uobl x1hl2dhg x16tdsg8 x1vvkbs x3nfvp2 x1j61x8r x1fcty0u xdj266r xat24cr xm2jcoa x1mpyi22 xxymvpz xlup9mm x1kky2od\"><img loading=\"lazy\" decoding=\"async\" class=\"xz74otr x15mokao x1ga7v0g x16uus16 xbiv7yw\" src=\"https:\/\/static.xx.fbcdn.net\/images\/emoji.php\/v9\/t1f\/1\/16\/1f3b6.png\" alt=\"\" width=\"16\" height=\"16\" \/><\/span><span class=\"html-span xexx8yu xyri2b x18d9i69 x1c1uobl x1hl2dhg x16tdsg8 x1vvkbs x3nfvp2 x1j61x8r x1fcty0u xdj266r xat24cr xm2jcoa x1mpyi22 xxymvpz xlup9mm x1kky2od\"><img loading=\"lazy\" decoding=\"async\" class=\"xz74otr x15mokao x1ga7v0g x16uus16 xbiv7yw\" src=\"https:\/\/static.xx.fbcdn.net\/images\/emoji.php\/v9\/ted\/1\/16\/1f379.png\" alt=\"\" width=\"16\" height=\"16\" \/><\/span><\/div>\n<div dir=\"auto\"><\/div>\n<\/div>\n<div class=\"x14z9mp xat24cr x1lziwak x1vvkbs xtlvy1s x126k92a\">\n<div dir=\"auto\">Au programme :<\/div>\n<\/div>\n<div class=\"x14z9mp xat24cr x1lziwak x1vvkbs xtlvy1s x126k92a\">\n<div dir=\"auto\"><span class=\"html-span xexx8yu xyri2b x18d9i69 x1c1uobl x1hl2dhg x16tdsg8 x1vvkbs x3nfvp2 x1j61x8r x1fcty0u xdj266r xat24cr xm2jcoa x1mpyi22 xxymvpz xlup9mm x1kky2od\"><img loading=\"lazy\" decoding=\"async\" class=\"xz74otr x15mokao x1ga7v0g x16uus16 xbiv7yw\" src=\"https:\/\/static.xx.fbcdn.net\/images\/emoji.php\/v9\/t7e\/1\/16\/1f3a4.png\" alt=\"\" width=\"16\" height=\"16\" \/><\/span> Concerts &amp; ap\u00e9ros musicaux<\/div>\n<div dir=\"auto\"><span class=\"html-span xexx8yu xyri2b x18d9i69 x1c1uobl x1hl2dhg x16tdsg8 x1vvkbs x3nfvp2 x1j61x8r x1fcty0u xdj266r xat24cr xm2jcoa x1mpyi22 xxymvpz xlup9mm x1kky2od\"><img loading=\"lazy\" decoding=\"async\" class=\"xz74otr x15mokao x1ga7v0g x16uus16 xbiv7yw\" src=\"https:\/\/static.xx.fbcdn.net\/images\/emoji.php\/v9\/t82\/1\/16\/1f3a8.png\" alt=\"\" width=\"16\" height=\"16\" \/><\/span> Ateliers artistiques et scientifiques<\/div>\n<div dir=\"auto\"><span class=\"html-span xexx8yu xyri2b x18d9i69 x1c1uobl x1hl2dhg x16tdsg8 x1vvkbs x3nfvp2 x1j61x8r x1fcty0u xdj266r xat24cr xm2jcoa x1mpyi22 xxymvpz xlup9mm x1kky2od\"><img loading=\"lazy\" decoding=\"async\" class=\"xz74otr x15mokao x1ga7v0g x16uus16 xbiv7yw\" src=\"https:\/\/static.xx.fbcdn.net\/images\/emoji.php\/v9\/t2a\/1\/16\/1f3ed.png\" alt=\"\" width=\"16\" height=\"16\" \/><\/span> Voyage spatiotemporel sur le carreau Clemenceau<\/div>\n<div dir=\"auto\"><span class=\"html-span xexx8yu xyri2b x18d9i69 x1c1uobl x1hl2dhg x16tdsg8 x1vvkbs x3nfvp2 x1j61x8r x1fcty0u xdj266r xat24cr xm2jcoa x1mpyi22 xxymvpz xlup9mm x1kky2od\"><img loading=\"lazy\" decoding=\"async\" class=\"xz74otr x15mokao x1ga7v0g x16uus16 xbiv7yw\" src=\"https:\/\/static.xx.fbcdn.net\/images\/emoji.php\/v9\/t2b\/1\/16\/1f399.png\" alt=\"\ufe0f\" width=\"16\" height=\"16\" \/><\/span> Conf\u00e9rences sur l\u2019histoire locale<\/div>\n<div dir=\"auto\"><span class=\"html-span xexx8yu xyri2b x18d9i69 x1c1uobl x1hl2dhg x16tdsg8 x1vvkbs x3nfvp2 x1j61x8r x1fcty0u xdj266r xat24cr xm2jcoa x1mpyi22 xxymvpz xlup9mm x1kky2od\"><img loading=\"lazy\" decoding=\"async\" class=\"xz74otr x15mokao x1ga7v0g x16uus16 xbiv7yw\" src=\"https:\/\/static.xx.fbcdn.net\/images\/emoji.php\/v9\/t98\/1\/16\/1f37d.png\" alt=\"\ufe0f\" width=\"16\" height=\"16\" \/><\/span> Petite restauration les vendredis 12 et 19 septembre<\/div>\n<div dir=\"auto\"><span class=\"html-span xexx8yu xyri2b x18d9i69 x1c1uobl x1hl2dhg x16tdsg8 x1vvkbs x3nfvp2 x1j61x8r x1fcty0u xdj266r xat24cr xm2jcoa x1mpyi22 xxymvpz xlup9mm x1kky2od\"><img loading=\"lazy\" decoding=\"async\" class=\"xz74otr x15mokao x1ga7v0g x16uus16 xbiv7yw\" src=\"https:\/\/static.xx.fbcdn.net\/images\/emoji.php\/v9\/ted\/1\/16\/1f379.png\" alt=\"\" width=\"16\" height=\"16\" \/><\/span> Et bien s\u00fbr\u2026 ouverture du bar !<\/div>\n<div dir=\"auto\"><span class=\"html-span xexx8yu xyri2b x18d9i69 x1c1uobl x1hl2dhg x16tdsg8 x1vvkbs x3nfvp2 x1j61x8r x1fcty0u xdj266r xat24cr xm2jcoa x1mpyi22 xxymvpz xlup9mm x1kky2od\"><img loading=\"lazy\" decoding=\"async\" class=\"xz74otr x15mokao x1ga7v0g x16uus16 xbiv7yw\" src=\"https:\/\/static.xx.fbcdn.net\/images\/emoji.php\/v9\/t51\/1\/16\/1f449.png\" alt=\"\" width=\"16\" height=\"16\" \/><\/span> Le sur : <span class=\"html-span xdj266r x14z9mp xat24cr x1lziwak xexx8yu xyri2b x18d9i69 x1c1uobl x1hl2dhg x16tdsg8 x1vvkbs\"><a class=\"x1i10hfl xjbqb8w x1ejq31n x18oe1m7 x1sy0etr xstzfhl x972fbf x10w94by x1qhh985 x14e42zd x9f619 x1ypdohk xt0psk2 x3ct3a4 xdj266r x14z9mp xat24cr x1lziwak xexx8yu xyri2b x18d9i69 x1c1uobl x16tdsg8 x1hl2dhg xggy1nq x1a2a7pz xkrqix3 x1sur9pj x1fey0fg x1s688f\" tabindex=\"0\" role=\"link\" href=\"https:\/\/www.sauer-pechelbronn.fr\/\" target=\"_blank\" rel=\"nofollow noopener noreferrer\">www.sauer-pechelbronn.fr<\/a><\/span><\/div>\n<div dir=\"auto\"><\/div>\n<\/div>\n<div class=\"x14z9mp xat24cr x1lziwak x1vvkbs xtlvy1s x126k92a\">\n<div dir=\"auto\">Venez rencontrer les porteurs du projet, partager vos id\u00e9es et !<\/div>\n<\/div>\n<div class=\"x14z9mp xat24cr x1lziwak x1vvkbs xtlvy1s x126k92a\">\n<div dir=\"auto\">Un \u00e9v\u00e9nement organis\u00e9 par la communaut\u00e9 de communes Sauer-Pechelbronn avec de nombreux partenaires engag\u00e9s : FDMJC , Jeunes Engag\u00e9s, Mus\u00e9e Fran\u00e7ais du P\u00e9trole, Collectivit\u00e9 europ\u00e9enne d\u2019Alsace, artistes locaux,\u2026 <span class=\"html-span xexx8yu xyri2b x18d9i69 x1c1uobl x1hl2dhg x16tdsg8 x1vvkbs x3nfvp2 x1j61x8r x1fcty0u xdj266r xat24cr xm2jcoa x1mpyi22 xxymvpz xlup9mm x1kky2od\"><img loading=\"lazy\" decoding=\"async\" class=\"xz74otr x15mokao x1ga7v0g x16uus16 xbiv7yw\" src=\"https:\/\/static.xx.fbcdn.net\/images\/emoji.php\/v9\/t6c\/1\/16\/1f4aa.png\" alt=\"\" width=\"16\" height=\"16\" \/><\/span><\/div>\n<\/div>\n<div class=\"x14z9mp xat24cr x1lziwak x1vvkbs xtlvy1s x126k92a\">\n<div dir=\"auto\"><span class=\"html-span xexx8yu xyri2b x18d9i69 x1c1uobl x1hl2dhg x16tdsg8 x1vvkbs x3nfvp2 x1j61x8r x1fcty0u xdj266r xat24cr xm2jcoa x1mpyi22 xxymvpz xlup9mm x1kky2od\"><img loading=\"lazy\" decoding=\"async\" class=\"xz74otr x15mokao x1ga7v0g x16uus16 xbiv7yw\" src=\"https:\/\/static.xx.fbcdn.net\/images\/emoji.php\/v9\/t4d\/1\/16\/1f4de.png\" alt=\"\" width=\"16\" height=\"16\" \/><\/span> Infos + : 06 22 49 06 38<\/div>\n<div dir=\"auto\"><span class=\"html-span xexx8yu xyri2b x18d9i69 x1c1uobl x1hl2dhg x16tdsg8 x1vvkbs x3nfvp2 x1j61x8r x1fcty0u xdj266r xat24cr xm2jcoa x1mpyi22 xxymvpz xlup9mm x1kky2od\"><img loading=\"lazy\" decoding=\"async\" class=\"xz74otr x15mokao x1ga7v0g x16uus16 xbiv7yw\" src=\"https:\/\/static.xx.fbcdn.net\/images\/emoji.php\/v9\/tc0\/1\/16\/1f4e9.png\" alt=\"\" width=\"16\" height=\"16\" \/><\/span> sonja.fath@sauer-pechelbronn.fr<\/div>\n<\/div>\n<\/div>\n<\/div>\n<\/div>\n<div dir=\"auto\"><a href=\"https:\/\/www.lembach.fr\/mairie\/wp-content\/uploads\/2025\/09\/Programme-K-FET-12-au-19-sept-RECTO-scaled.jpg\"><img loading=\"lazy\" decoding=\"async\" class=\"wp-image-8550 aligncenter\" src=\"https:\/\/www.lembach.fr\/mairie\/wp-content\/uploads\/2025\/09\/Programme-K-FET-12-au-19-sept-RECTO-scaled.jpg\" alt=\"\" width=\"613\" height=\"867\" srcset=\"https:\/\/www.lembach.fr\/mairie\/wp-content\/uploads\/2025\/09\/Programme-K-FET-12-au-19-sept-RECTO-scaled.jpg 1810w, https:\/\/www.lembach.fr\/mairie\/wp-content\/uploads\/2025\/09\/Programme-K-FET-12-au-19-sept-RECTO-212x300.jpg 212w, https:\/\/www.lembach.fr\/mairie\/wp-content\/uploads\/2025\/09\/Programme-K-FET-12-au-19-sept-RECTO-724x1024.jpg 724w, https:\/\/www.lembach.fr\/mairie\/wp-content\/uploads\/2025\/09\/Programme-K-FET-12-au-19-sept-RECTO-768x1086.jpg 768w, https:\/\/www.lembach.fr\/mairie\/wp-content\/uploads\/2025\/09\/Programme-K-FET-12-au-19-sept-RECTO-1086x1536.jpg 1086w, https:\/\/www.lembach.fr\/mairie\/wp-content\/uploads\/2025\/09\/Programme-K-FET-12-au-19-sept-RECTO-1448x2048.jpg 1448w, https:\/\/www.lembach.fr\/mairie\/wp-content\/uploads\/2025\/09\/Programme-K-FET-12-au-19-sept-RECTO-847x1198.jpg 847w\" sizes=\"auto, (max-width: 613px) 100vw, 613px\" \/><\/a><a href=\"https:\/\/www.lembach.fr\/mairie\/wp-content\/uploads\/2025\/09\/Programme-K-FET-12-au-19-sept-VERSO-scaled.jpg\"><img loading=\"lazy\" decoding=\"async\" class=\"size-full wp-image-8549 aligncenter\" src=\"https:\/\/www.lembach.fr\/mairie\/wp-content\/uploads\/2025\/09\/Programme-K-FET-12-au-19-sept-VERSO-scaled.jpg\" alt=\"\" width=\"1810\" height=\"2560\" srcset=\"https:\/\/www.lembach.fr\/mairie\/wp-content\/uploads\/2025\/09\/Programme-K-FET-12-au-19-sept-VERSO-scaled.jpg 1810w, https:\/\/www.lembach.fr\/mairie\/wp-content\/uploads\/2025\/09\/Programme-K-FET-12-au-19-sept-VERSO-212x300.jpg 212w, https:\/\/www.lembach.fr\/mairie\/wp-content\/uploads\/2025\/09\/Programme-K-FET-12-au-19-sept-VERSO-724x1024.jpg 724w, https:\/\/www.lembach.fr\/mairie\/wp-content\/uploads\/2025\/09\/Programme-K-FET-12-au-19-sept-VERSO-768x1086.jpg 768w, https:\/\/www.lembach.fr\/mairie\/wp-content\/uploads\/2025\/09\/Programme-K-FET-12-au-19-sept-VERSO-1086x1536.jpg 1086w, https:\/\/www.lembach.fr\/mairie\/wp-content\/uploads\/2025\/09\/Programme-K-FET-12-au-19-sept-VERSO-1448x2048.jpg 1448w, https:\/\/www.lembach.fr\/mairie\/wp-content\/uploads\/2025\/09\/Programme-K-FET-12-au-19-sept-VERSO-847x1198.jpg 847w\" sizes=\"auto, (max-width: 1810px) 100vw, 1810px\" \/><\/a><\/div>\n<\/div>\n<\/div>\n<\/div>\n<div dir=\"auto\"><\/div>\n","protected":false},"excerpt":{"rendered":"<p>OUVERTURE DE LA K&rsquo;FET A PREUSCHDORF! du 12 au 19 septembre 2025 &#8211; tous les jours du 17h \u00e0 20h La K&rsquo;Fet &#8211; 18 rue Hattenweg, Preuschdorf Un tout nouvel espace convivial et original en bordure d\u2019une friche industrielle ! Venez d\u00e9couvrir \u00ab\u00a0La K&rsquo;Fet\u00a0\u00bb, un tiers-lieu associatif, culturel et scientifique, pens\u00e9 pour se retrouver, \u00e9changer, &hellip; <\/p>\n<p><a class=\"more-link btn\" href=\"https:\/\/www.lembach.fr\/mairie\/2025\/09\/08\/semaine-danimations-a-la-kfet-du-12-au-19-septembre\/\">Lire la suite<\/a><\/p>\n","protected":false},"author":5,"featured_media":0,"comment_status":"closed","ping_status":"closed","sticky":false,"template":"","format":"standard","meta":{"footnotes":""},"categories":[17,12,7,20],"tags":[],"class_list":["post-8551","post","type-post","status-publish","format-standard","hentry","category-expositions","category-informations","category-manifestations","category-spectacle","item-wrap"],"_links":{"self":[{"href":"https:\/\/www.lembach.fr\/mairie\/wp-json\/wp\/v2\/posts\/8551","targetHints":{"allow":["GET"]}}],"collection":[{"href":"https:\/\/www.lembach.fr\/mairie\/wp-json\/wp\/v2\/posts"}],"about":[{"href":"https:\/\/www.lembach.fr\/mairie\/wp-json\/wp\/v2\/types\/post"}],"author":[{"embeddable":true,"href":"https:\/\/www.lembach.fr\/mairie\/wp-json\/wp\/v2\/users\/5"}],"replies":[{"embeddable":true,"href":"https:\/\/www.lembach.fr\/mairie\/wp-json\/wp\/v2\/comments?post=8551"}],"version-history":[{"count":3,"href":"https:\/\/www.lembach.fr\/mairie\/wp-json\/wp\/v2\/posts\/8551\/revisions"}],"predecessor-version":[{"id":8554,"href":"https:\/\/www.lembach.fr\/mairie\/wp-json\/wp\/v2\/posts\/8551\/revisions\/8554"}],"wp:attachment":[{"href":"https:\/\/www.lembach.fr\/mairie\/wp-json\/wp\/v2\/media?parent=8551"}],"wp:term":[{"taxonomy":"category","embeddable":true,"href":"https:\/\/www.lembach.fr\/mairie\/wp-json\/wp\/v2\/categories?post=8551"},{"taxonomy":"post_tag","embeddable":true,"href":"https:\/\/www.lembach.fr\/mairie\/wp-json\/wp\/v2\/tags?post=8551"}],"curies":[{"name":"wp","href":"https:\/\/api.w.org\/{rel}","templated":true}]}}