{"id":8536,"date":"2025-09-01T10:13:25","date_gmt":"2025-09-01T08:13:25","guid":{"rendered":"https:\/\/www.lembach.fr\/mairie\/?p=8536"},"modified":"2025-08-25T10:29:40","modified_gmt":"2025-08-25T08:29:40","slug":"programme-dactions-de-prevention-des-inondations-papi-concertation-prealable-volontaire-du-public","status":"publish","type":"post","link":"https:\/\/www.lembach.fr\/mairie\/2025\/09\/01\/programme-dactions-de-prevention-des-inondations-papi-concertation-prealable-volontaire-du-public\/","title":{"rendered":"Programme d\u2019Actions de Pr\u00e9vention des Inondations (PAPI) &#8211; Concertation pr\u00e9alable volontaire du public"},"content":{"rendered":"<p>&nbsp;<\/p>\n<p>La mise en place du <b>Programme d\u2019Actions de Pr\u00e9vention des Inondations (PAPI) Nord Alsace<\/b> \u00e0 l\u2019\u00e9chelle des bassins versants de la Sauer, de la Lauter, du Kabach et du Rhin \u00e0 courant libre est en cours. Ce programme a pour objectif de r\u00e9duire la vuln\u00e9rabilit\u00e9 de ce territoire aux inondations et aux coul\u00e9es d\u2019eaux boueuses.<\/p>\n<p>La commune de Lembach \u00e9tant concern\u00e9e par ce PAPI, le SDEA, structure porteuse du programme, organise <b>une concertation pr\u00e9alable volontaire du public qui aura lieu du 15 septembre au 16 novembre 2025 <\/b>dans le cadre de l\u2019\u00e9valuation environnementale du PAPI.<b> <\/b>Cette concertation a pour objectif d\u2019assurer l\u2019information du public, de discuter de l\u2019opportunit\u00e9, des objectifs et des principales orientations du Programmes d\u2019Actions de Pr\u00e9vention des Inondations (PAPI) Nord Alsace.<\/p>\n<p>Pour participer \u00e0 la concertation : <a href=\"https:\/\/forms.office.com\/pages\/responsepage.aspx?id=RT9Wcch3ykG4jVOD0lJc4xn8voUe2wlMiIBmxXe7vLNUOFRXS0MxWDg0NFVBMFlWUFJHMkk3ODYwRS4u&amp;origin=lprLink&amp;route=shorturl\" target=\"_blank\" rel=\"noopener\">https:\/\/forms.office.com<\/a><\/p>\n<p><a href=\"https:\/\/www.lembach.fr\/mairie\/wp-content\/uploads\/2025\/08\/2025.10-info-SDEA.jpg\"><img loading=\"lazy\" decoding=\"async\" class=\"alignnone wp-image-8535\" src=\"https:\/\/www.lembach.fr\/mairie\/wp-content\/uploads\/2025\/08\/2025.10-info-SDEA.jpg\" alt=\"\" width=\"688\" height=\"939\" srcset=\"https:\/\/www.lembach.fr\/mairie\/wp-content\/uploads\/2025\/08\/2025.10-info-SDEA.jpg 591w, https:\/\/www.lembach.fr\/mairie\/wp-content\/uploads\/2025\/08\/2025.10-info-SDEA-220x300.jpg 220w\" sizes=\"auto, (max-width: 688px) 100vw, 688px\" \/><\/a><\/p>\n<p>&nbsp;<\/p>\n<p>&nbsp;<\/p>\n","protected":false},"excerpt":{"rendered":"<p>&nbsp; La mise en place du Programme d\u2019Actions de Pr\u00e9vention des Inondations (PAPI) Nord Alsace \u00e0 l\u2019\u00e9chelle des bassins versants de la Sauer, de la Lauter, du Kabach et du Rhin \u00e0 courant libre est en cours. Ce programme a pour objectif de r\u00e9duire la vuln\u00e9rabilit\u00e9 de ce territoire aux inondations et aux coul\u00e9es d\u2019eaux &hellip; <\/p>\n<p><a class=\"more-link btn\" href=\"https:\/\/www.lembach.fr\/mairie\/2025\/09\/01\/programme-dactions-de-prevention-des-inondations-papi-concertation-prealable-volontaire-du-public\/\">Lire la suite<\/a><\/p>\n","protected":false},"author":5,"featured_media":0,"comment_status":"closed","ping_status":"closed","sticky":false,"template":"","format":"standard","meta":{"footnotes":""},"categories":[12],"tags":[],"class_list":["post-8536","post","type-post","status-publish","format-standard","hentry","category-informations","item-wrap"],"_links":{"self":[{"href":"https:\/\/www.lembach.fr\/mairie\/wp-json\/wp\/v2\/posts\/8536","targetHints":{"allow":["GET"]}}],"collection":[{"href":"https:\/\/www.lembach.fr\/mairie\/wp-json\/wp\/v2\/posts"}],"about":[{"href":"https:\/\/www.lembach.fr\/mairie\/wp-json\/wp\/v2\/types\/post"}],"author":[{"embeddable":true,"href":"https:\/\/www.lembach.fr\/mairie\/wp-json\/wp\/v2\/users\/5"}],"replies":[{"embeddable":true,"href":"https:\/\/www.lembach.fr\/mairie\/wp-json\/wp\/v2\/comments?post=8536"}],"version-history":[{"count":3,"href":"https:\/\/www.lembach.fr\/mairie\/wp-json\/wp\/v2\/posts\/8536\/revisions"}],"predecessor-version":[{"id":8539,"href":"https:\/\/www.lembach.fr\/mairie\/wp-json\/wp\/v2\/posts\/8536\/revisions\/8539"}],"wp:attachment":[{"href":"https:\/\/www.lembach.fr\/mairie\/wp-json\/wp\/v2\/media?parent=8536"}],"wp:term":[{"taxonomy":"category","embeddable":true,"href":"https:\/\/www.lembach.fr\/mairie\/wp-json\/wp\/v2\/categories?post=8536"},{"taxonomy":"post_tag","embeddable":true,"href":"https:\/\/www.lembach.fr\/mairie\/wp-json\/wp\/v2\/tags?post=8536"}],"curies":[{"name":"wp","href":"https:\/\/api.w.org\/{rel}","templated":true}]}}