{"id":8381,"date":"2025-03-31T15:37:45","date_gmt":"2025-03-31T13:37:45","guid":{"rendered":"https:\/\/www.lembach.fr\/mairie\/?p=8381"},"modified":"2025-03-31T15:45:53","modified_gmt":"2025-03-31T13:45:53","slug":"travaux-au-rond-point-de-lembach-lundi-7-avril","status":"publish","type":"post","link":"https:\/\/www.lembach.fr\/mairie\/2025\/03\/31\/travaux-au-rond-point-de-lembach-lundi-7-avril\/","title":{"rendered":"Travaux au rond point de Lembach &#8211; lundi 7 avril"},"content":{"rendered":"<p>&nbsp;<\/p>\n<p style=\"text-align: center;\">INFO TRAVAUX<\/p>\n<p>&nbsp;<\/p>\n<h4 style=\"text-align: center;\">Le<strong> lundi 7<\/strong> avril des travaux de r\u00e9fection des enrob\u00e9s du giratoire de Lembach auront lieu de\u00a06h \u00e0 19h. La circulation, dans les deux sens, sera interdite \u00e0 tous les v\u00e9hicules.<\/h4>\n<p>Une d\u00e9viation sera mise en place via les communes de Lembach, Mattstall, Pfaffenbronn, Climbach et Wingen.<\/p>\n<p>Veuillez vous referez \u00e0 votre zone d&rsquo;habitation<br \/>\nLes personnes habitants dans :<br \/>\n&#8211; zone rouge : d\u00e9viation via Wingen<br \/>\n&#8211; zone jaune : d\u00e9viation via Climbach<br \/>\n&#8211; zone verte : d\u00e9viation via la D65 (par le Four \u00e0 Chaux)<br \/>\n&#8211; zone bleue : d\u00e9viation via Mattstall<\/p>\n<div class=\"x11i5rnm xat24cr x1mh8g0r x1vvkbs xtlvy1s x126k92a\">\n<div dir=\"auto\">le 7 avril :<\/div>\n<div dir=\"auto\">&#8211; le rue du Maire Jean-Louis Dielmann sera en double-sens, de 6h \u00e0 19h, avec stationnement interdit<\/div>\n<\/div>\n<div class=\"x11i5rnm xat24cr x1mh8g0r x1vvkbs xtlvy1s x126k92a\">\n<div dir=\"auto\"><span class=\"html-span xexx8yu x4uap5 x18d9i69 xkhd6sd x1hl2dhg x16tdsg8 x1vvkbs x3nfvp2 x1j61x8r x1fcty0u xdj266r xat24cr xgzva0m xhhsvwb xxymvpz xlup9mm x1kky2od\">&#8211; <\/span>la ligne de bus 310 assurera le ramassage uniquement au lotissement (pas \u00e0 l&rsquo;arr\u00eat de l&rsquo;ancienne douane, ni \u00e0 la mairie)<\/div>\n<div dir=\"auto\"><\/div>\n<\/div>\n<p><a href=\"https:\/\/www.lembach.fr\/mairie\/wp-content\/uploads\/2025\/03\/2025.04.04-travaux-rond-point.jpg\"><img loading=\"lazy\" decoding=\"async\" class=\"alignnone size-full wp-image-8380\" src=\"https:\/\/www.lembach.fr\/mairie\/wp-content\/uploads\/2025\/03\/2025.04.04-travaux-rond-point.jpg\" alt=\"\" width=\"1437\" height=\"823\" srcset=\"https:\/\/www.lembach.fr\/mairie\/wp-content\/uploads\/2025\/03\/2025.04.04-travaux-rond-point.jpg 1437w, https:\/\/www.lembach.fr\/mairie\/wp-content\/uploads\/2025\/03\/2025.04.04-travaux-rond-point-300x172.jpg 300w, https:\/\/www.lembach.fr\/mairie\/wp-content\/uploads\/2025\/03\/2025.04.04-travaux-rond-point-1024x586.jpg 1024w, https:\/\/www.lembach.fr\/mairie\/wp-content\/uploads\/2025\/03\/2025.04.04-travaux-rond-point-768x440.jpg 768w, https:\/\/www.lembach.fr\/mairie\/wp-content\/uploads\/2025\/03\/2025.04.04-travaux-rond-point-847x485.jpg 847w\" sizes=\"auto, (max-width: 1437px) 100vw, 1437px\" \/><\/a><\/p>\n","protected":false},"excerpt":{"rendered":"<p>&nbsp; INFO TRAVAUX &nbsp; Le lundi 7 avril des travaux de r\u00e9fection des enrob\u00e9s du giratoire de Lembach auront lieu de\u00a06h \u00e0 19h. La circulation, dans les deux sens, sera interdite \u00e0 tous les v\u00e9hicules. Une d\u00e9viation sera mise en place via les communes de Lembach, Mattstall, Pfaffenbronn, Climbach et Wingen. Veuillez vous referez \u00e0 &hellip; <\/p>\n<p><a class=\"more-link btn\" href=\"https:\/\/www.lembach.fr\/mairie\/2025\/03\/31\/travaux-au-rond-point-de-lembach-lundi-7-avril\/\">Lire la suite<\/a><\/p>\n","protected":false},"author":5,"featured_media":0,"comment_status":"closed","ping_status":"closed","sticky":false,"template":"","format":"standard","meta":{"footnotes":""},"categories":[12,25],"tags":[],"class_list":["post-8381","post","type-post","status-publish","format-standard","hentry","category-informations","category-urbanisme","item-wrap"],"_links":{"self":[{"href":"https:\/\/www.lembach.fr\/mairie\/wp-json\/wp\/v2\/posts\/8381","targetHints":{"allow":["GET"]}}],"collection":[{"href":"https:\/\/www.lembach.fr\/mairie\/wp-json\/wp\/v2\/posts"}],"about":[{"href":"https:\/\/www.lembach.fr\/mairie\/wp-json\/wp\/v2\/types\/post"}],"author":[{"embeddable":true,"href":"https:\/\/www.lembach.fr\/mairie\/wp-json\/wp\/v2\/users\/5"}],"replies":[{"embeddable":true,"href":"https:\/\/www.lembach.fr\/mairie\/wp-json\/wp\/v2\/comments?post=8381"}],"version-history":[{"count":3,"href":"https:\/\/www.lembach.fr\/mairie\/wp-json\/wp\/v2\/posts\/8381\/revisions"}],"predecessor-version":[{"id":8384,"href":"https:\/\/www.lembach.fr\/mairie\/wp-json\/wp\/v2\/posts\/8381\/revisions\/8384"}],"wp:attachment":[{"href":"https:\/\/www.lembach.fr\/mairie\/wp-json\/wp\/v2\/media?parent=8381"}],"wp:term":[{"taxonomy":"category","embeddable":true,"href":"https:\/\/www.lembach.fr\/mairie\/wp-json\/wp\/v2\/categories?post=8381"},{"taxonomy":"post_tag","embeddable":true,"href":"https:\/\/www.lembach.fr\/mairie\/wp-json\/wp\/v2\/tags?post=8381"}],"curies":[{"name":"wp","href":"https:\/\/api.w.org\/{rel}","templated":true}]}}