{"id":8368,"date":"2025-03-17T11:23:22","date_gmt":"2025-03-17T10:23:22","guid":{"rendered":"https:\/\/www.lembach.fr\/mairie\/?p=8368"},"modified":"2025-03-17T11:23:22","modified_gmt":"2025-03-17T10:23:22","slug":"rencontres-mensuelles-intergenerationnelles","status":"publish","type":"post","link":"https:\/\/www.lembach.fr\/mairie\/2025\/03\/17\/rencontres-mensuelles-intergenerationnelles\/","title":{"rendered":"Rencontres mensuelles interg\u00e9n\u00e9rationnelles"},"content":{"rendered":"<p>Le Relais Petite Enfance de la communaut\u00e9 de communes Sauer-Pechelbronn en association avec la coordinatrice seniors du territoire vous proposent des <strong>rencontres mensuelles interg\u00e9n\u00e9rationnelles dans le but de partager un patrimoine commun en lien avec la d\u00e9couverte de la nature et de la culture alsacienne.<\/strong><\/p>\n<p>Ces rencontres se passeront au <strong>jardin p\u00e9dagogique de Durrenbach (derri\u00e8re la boucherie KRESS-SUGG). <\/strong><\/p>\n<p>Pour ce faire, vous trouverez le d\u00e9tail de ces rencontres ci-dessous\u00a0:<\/p>\n<ul>\n<li><strong>Lundi 17 mars de 9h45 \u00e0 11h\u00a0:<\/strong> Les petites b\u00eates du jardin (petits et grands seront invit\u00e9s \u00e0 observer les insectes et escargots pr\u00e9sents dans nos jardins gr\u00e2ce \u00e0 des jeux et des ateliers)<\/li>\n<li><strong>Lundi 28 avril de 9h45 \u00e0 11h\u00a0:<\/strong> Histoire d\u2019une graine\u00a0(atelier de petites plantations)<\/li>\n<\/ul>\n<p>(les dates concernant les mois de mai et juin vous parviendront ult\u00e9rieurement)<\/p>\n<p>Le groupe sera constitu\u00e9 d\u2019enfants de moins de 3 ans accompagn\u00e9s d\u2019un parent ou de l\u2019assistante maternelle et de seniors du territoire.<\/p>\n<p>Cet atelier est gratuit, sur inscription.<\/p>\n<p><strong>Pour toute information et\/ou inscription, merci de me contacter directement au 06 13 26 94 52 ou par retour de mail (attention, places limit\u00e9es)<\/strong><\/p>\n<p>&nbsp;<\/p>\n<p>&nbsp;<\/p>\n<p><a href=\"https:\/\/www.lembach.fr\/mairie\/wp-content\/uploads\/2025\/03\/evt-intergenerationnelles.jpg\"><img loading=\"lazy\" decoding=\"async\" class=\"size-full wp-image-8366 aligncenter\" src=\"https:\/\/www.lembach.fr\/mairie\/wp-content\/uploads\/2025\/03\/evt-intergenerationnelles.jpg\" alt=\"\" width=\"556\" height=\"789\" srcset=\"https:\/\/www.lembach.fr\/mairie\/wp-content\/uploads\/2025\/03\/evt-intergenerationnelles.jpg 556w, https:\/\/www.lembach.fr\/mairie\/wp-content\/uploads\/2025\/03\/evt-intergenerationnelles-211x300.jpg 211w\" sizes=\"auto, (max-width: 556px) 100vw, 556px\" \/><\/a><\/p>\n","protected":false},"excerpt":{"rendered":"<p>Le Relais Petite Enfance de la communaut\u00e9 de communes Sauer-Pechelbronn en association avec la coordinatrice seniors du territoire vous proposent des rencontres mensuelles interg\u00e9n\u00e9rationnelles dans le but de partager un patrimoine commun en lien avec la d\u00e9couverte de la nature et de la culture alsacienne. Ces rencontres se passeront au jardin p\u00e9dagogique de Durrenbach (derri\u00e8re &hellip; <\/p>\n<p><a class=\"more-link btn\" href=\"https:\/\/www.lembach.fr\/mairie\/2025\/03\/17\/rencontres-mensuelles-intergenerationnelles\/\">Lire la suite<\/a><\/p>\n","protected":false},"author":5,"featured_media":0,"comment_status":"closed","ping_status":"closed","sticky":false,"template":"","format":"standard","meta":{"footnotes":""},"categories":[12,7],"tags":[],"class_list":["post-8368","post","type-post","status-publish","format-standard","hentry","category-informations","category-manifestations","item-wrap"],"_links":{"self":[{"href":"https:\/\/www.lembach.fr\/mairie\/wp-json\/wp\/v2\/posts\/8368","targetHints":{"allow":["GET"]}}],"collection":[{"href":"https:\/\/www.lembach.fr\/mairie\/wp-json\/wp\/v2\/posts"}],"about":[{"href":"https:\/\/www.lembach.fr\/mairie\/wp-json\/wp\/v2\/types\/post"}],"author":[{"embeddable":true,"href":"https:\/\/www.lembach.fr\/mairie\/wp-json\/wp\/v2\/users\/5"}],"replies":[{"embeddable":true,"href":"https:\/\/www.lembach.fr\/mairie\/wp-json\/wp\/v2\/comments?post=8368"}],"version-history":[{"count":1,"href":"https:\/\/www.lembach.fr\/mairie\/wp-json\/wp\/v2\/posts\/8368\/revisions"}],"predecessor-version":[{"id":8369,"href":"https:\/\/www.lembach.fr\/mairie\/wp-json\/wp\/v2\/posts\/8368\/revisions\/8369"}],"wp:attachment":[{"href":"https:\/\/www.lembach.fr\/mairie\/wp-json\/wp\/v2\/media?parent=8368"}],"wp:term":[{"taxonomy":"category","embeddable":true,"href":"https:\/\/www.lembach.fr\/mairie\/wp-json\/wp\/v2\/categories?post=8368"},{"taxonomy":"post_tag","embeddable":true,"href":"https:\/\/www.lembach.fr\/mairie\/wp-json\/wp\/v2\/tags?post=8368"}],"curies":[{"name":"wp","href":"https:\/\/api.w.org\/{rel}","templated":true}]}}