{"id":8364,"date":"2025-03-17T11:02:08","date_gmt":"2025-03-17T10:02:08","guid":{"rendered":"https:\/\/www.lembach.fr\/mairie\/?p=8364"},"modified":"2025-03-17T11:21:43","modified_gmt":"2025-03-17T10:21:43","slug":"8364","status":"publish","type":"post","link":"https:\/\/www.lembach.fr\/mairie\/2025\/03\/17\/8364\/","title":{"rendered":"Forum Formation &#8211; Missions Locales Alsace du Nord"},"content":{"rendered":"<h4 style=\"text-align: center;\"><b>Forum formation<\/b><\/h4>\n<p>&nbsp;<\/p>\n<div><\/div>\n<div class=\"elementToProof\">Les Missions Locales Alsace du Nord organise, en lien avec France travail Haguenau\/Wissembourg et la R\u00e9gion Grand Est un<b>\u00a0forum formation<\/b>\u00a0qui aura lieu le <b>20\/03 prochain \u00e0 l\u2019Espace Grappelli de Mertzwiller<\/b>.<\/div>\n<div class=\"elementToProof\"><\/div>\n<div class=\"elementToProof\">Plus de <b>25 partenaires<\/b>\u00a0institutionnels, organismes de formations (du PRF notamment), chambres consulaires, SIAE et partenaires mobilit\u00e9 seront pr\u00e9sents.<\/div>\n<div class=\"elementToProof\"><\/div>\n<div class=\"elementToProof\">Des ateliers p\u00e9dagogiques mobilit\u00e9 seront \u00e9galement propos\u00e9s.<\/div>\n<div class=\"elementToProof\"><b>\u00a0<\/b><\/div>\n<div class=\"elementToProof\"><b>Public\u00a0:<\/b>\u00a0Tous les publics demandeurs d\u2019emploi ayant un projet de formation et\/ou un projet de reconversion professionnelle.<\/div>\n<div><\/div>\n<div><a href=\"https:\/\/www.lembach.fr\/mairie\/wp-content\/uploads\/2025\/03\/forum-des-metiers.jpg\"><img loading=\"lazy\" decoding=\"async\" class=\"alignnone size-full wp-image-8363\" src=\"https:\/\/www.lembach.fr\/mairie\/wp-content\/uploads\/2025\/03\/forum-des-metiers.jpg\" alt=\"\" width=\"553\" height=\"780\" srcset=\"https:\/\/www.lembach.fr\/mairie\/wp-content\/uploads\/2025\/03\/forum-des-metiers.jpg 553w, https:\/\/www.lembach.fr\/mairie\/wp-content\/uploads\/2025\/03\/forum-des-metiers-213x300.jpg 213w\" sizes=\"auto, (max-width: 553px) 100vw, 553px\" \/><\/a><\/div>\n<div><\/div>\n","protected":false},"excerpt":{"rendered":"<p>Forum formation &nbsp; Les Missions Locales Alsace du Nord organise, en lien avec France travail Haguenau\/Wissembourg et la R\u00e9gion Grand Est un\u00a0forum formation\u00a0qui aura lieu le 20\/03 prochain \u00e0 l\u2019Espace Grappelli de Mertzwiller. Plus de 25 partenaires\u00a0institutionnels, organismes de formations (du PRF notamment), chambres consulaires, SIAE et partenaires mobilit\u00e9 seront pr\u00e9sents. Des ateliers p\u00e9dagogiques mobilit\u00e9 &hellip; <\/p>\n<p><a class=\"more-link btn\" href=\"https:\/\/www.lembach.fr\/mairie\/2025\/03\/17\/8364\/\">Lire la suite<\/a><\/p>\n","protected":false},"author":5,"featured_media":0,"comment_status":"closed","ping_status":"closed","sticky":false,"template":"","format":"standard","meta":{"footnotes":""},"categories":[22,12,7],"tags":[],"class_list":["post-8364","post","type-post","status-publish","format-standard","hentry","category-formations","category-informations","category-manifestations","item-wrap"],"_links":{"self":[{"href":"https:\/\/www.lembach.fr\/mairie\/wp-json\/wp\/v2\/posts\/8364","targetHints":{"allow":["GET"]}}],"collection":[{"href":"https:\/\/www.lembach.fr\/mairie\/wp-json\/wp\/v2\/posts"}],"about":[{"href":"https:\/\/www.lembach.fr\/mairie\/wp-json\/wp\/v2\/types\/post"}],"author":[{"embeddable":true,"href":"https:\/\/www.lembach.fr\/mairie\/wp-json\/wp\/v2\/users\/5"}],"replies":[{"embeddable":true,"href":"https:\/\/www.lembach.fr\/mairie\/wp-json\/wp\/v2\/comments?post=8364"}],"version-history":[{"count":2,"href":"https:\/\/www.lembach.fr\/mairie\/wp-json\/wp\/v2\/posts\/8364\/revisions"}],"predecessor-version":[{"id":8367,"href":"https:\/\/www.lembach.fr\/mairie\/wp-json\/wp\/v2\/posts\/8364\/revisions\/8367"}],"wp:attachment":[{"href":"https:\/\/www.lembach.fr\/mairie\/wp-json\/wp\/v2\/media?parent=8364"}],"wp:term":[{"taxonomy":"category","embeddable":true,"href":"https:\/\/www.lembach.fr\/mairie\/wp-json\/wp\/v2\/categories?post=8364"},{"taxonomy":"post_tag","embeddable":true,"href":"https:\/\/www.lembach.fr\/mairie\/wp-json\/wp\/v2\/tags?post=8364"}],"curies":[{"name":"wp","href":"https:\/\/api.w.org\/{rel}","templated":true}]}}