{"id":8350,"date":"2025-03-17T10:06:14","date_gmt":"2025-03-17T09:06:14","guid":{"rendered":"https:\/\/www.lembach.fr\/mairie\/?p=8350"},"modified":"2025-03-17T10:07:56","modified_gmt":"2025-03-17T09:07:56","slug":"formation-de-piegeage-organisee-par-fredon-grand-est","status":"publish","type":"post","link":"https:\/\/www.lembach.fr\/mairie\/2025\/03\/17\/formation-de-piegeage-organisee-par-fredon-grand-est\/","title":{"rendered":"Formation de pi\u00e9geage organis\u00e9e par FREDON Grand Est"},"content":{"rendered":"<p>&nbsp;<\/p>\n<p>Dans le Bas-Rhin un <a href=\"https:\/\/www.bas-rhin.gouv.fr\/contenu\/telechargement\/55002\/397766\/file\/Projet_AP_lutte_collective_2024_2027.pdf\" target=\"_blank\" rel=\"noopener\">arr\u00eat\u00e9 pr\u00e9fectoral<\/a> a \u00e9t\u00e9 pris concernant la lutte collective contre les corvid\u00e9s.<\/p>\n<p>Dans ce cadre des formations de pi\u00e9geage sont organis\u00e9es par FREDON Grand Est \u00e0 destination des agriculteurs, des collectivit\u00e9s et de toute personne souhaitant mettre en place un pi\u00e9geage des corvid\u00e9s.<\/p>\n<p>Voici la prochaine date\u00a0:<\/p>\n<h4><strong>Vendredi 21\/03 apr\u00e8s-midi (14h \u2013 16h30) \u00e0 Schiltigheim (67 300), dans les locaux de la Maison de l&rsquo;Agriculture<\/strong>\u00a0(2 rue de Rome)<\/h4>\n<p><strong>Attention<\/strong>, il est imp\u00e9ratif de s\u2019inscrire pour pouvoir participer \u00e0 ces formations, voici le lien d\u2019inscription\u00a0: <a href=\"https:\/\/forms.office.com\/e\/BjDJGFiZ4c\">https:\/\/forms.office.com\/e\/BjDJGFiZ4c<\/a><\/p>\n<p>Ces formations sont gratuites et vous permettent de rejoindre le r\u00e9seau de lutte collective dans le d\u00e9partement du Bas-Rhin.<\/p>\n<p>Pour toute information compl\u00e9mentaire, vous pouvez nous contacter \u00e0 l\u2019adresse\u00a0: <a href=\"mailto:esod@fredon-grandest.fr\">esod@fredon-grandest.fr<\/a><a href=\"https:\/\/www.lembach.fr\/mairie\/wp-content\/uploads\/2025\/03\/image001.png\"><img loading=\"lazy\" decoding=\"async\" class=\" wp-image-8352 aligncenter\" src=\"https:\/\/www.lembach.fr\/mairie\/wp-content\/uploads\/2025\/03\/image001.png\" alt=\"\" width=\"296\" height=\"296\" srcset=\"https:\/\/www.lembach.fr\/mairie\/wp-content\/uploads\/2025\/03\/image001.png 176w, https:\/\/www.lembach.fr\/mairie\/wp-content\/uploads\/2025\/03\/image001-150x150.png 150w\" sizes=\"auto, (max-width: 296px) 100vw, 296px\" \/><\/a><\/p>\n<p>&nbsp;<\/p>\n<p>&nbsp;<\/p>\n","protected":false},"excerpt":{"rendered":"<p>&nbsp; Dans le Bas-Rhin un arr\u00eat\u00e9 pr\u00e9fectoral a \u00e9t\u00e9 pris concernant la lutte collective contre les corvid\u00e9s. Dans ce cadre des formations de pi\u00e9geage sont organis\u00e9es par FREDON Grand Est \u00e0 destination des agriculteurs, des collectivit\u00e9s et de toute personne souhaitant mettre en place un pi\u00e9geage des corvid\u00e9s. Voici la prochaine date\u00a0: Vendredi 21\/03 apr\u00e8s-midi &hellip; <\/p>\n<p><a class=\"more-link btn\" href=\"https:\/\/www.lembach.fr\/mairie\/2025\/03\/17\/formation-de-piegeage-organisee-par-fredon-grand-est\/\">Lire la suite<\/a><\/p>\n","protected":false},"author":5,"featured_media":0,"comment_status":"closed","ping_status":"closed","sticky":false,"template":"","format":"standard","meta":{"footnotes":""},"categories":[12],"tags":[],"class_list":["post-8350","post","type-post","status-publish","format-standard","hentry","category-informations","item-wrap"],"_links":{"self":[{"href":"https:\/\/www.lembach.fr\/mairie\/wp-json\/wp\/v2\/posts\/8350","targetHints":{"allow":["GET"]}}],"collection":[{"href":"https:\/\/www.lembach.fr\/mairie\/wp-json\/wp\/v2\/posts"}],"about":[{"href":"https:\/\/www.lembach.fr\/mairie\/wp-json\/wp\/v2\/types\/post"}],"author":[{"embeddable":true,"href":"https:\/\/www.lembach.fr\/mairie\/wp-json\/wp\/v2\/users\/5"}],"replies":[{"embeddable":true,"href":"https:\/\/www.lembach.fr\/mairie\/wp-json\/wp\/v2\/comments?post=8350"}],"version-history":[{"count":2,"href":"https:\/\/www.lembach.fr\/mairie\/wp-json\/wp\/v2\/posts\/8350\/revisions"}],"predecessor-version":[{"id":8353,"href":"https:\/\/www.lembach.fr\/mairie\/wp-json\/wp\/v2\/posts\/8350\/revisions\/8353"}],"wp:attachment":[{"href":"https:\/\/www.lembach.fr\/mairie\/wp-json\/wp\/v2\/media?parent=8350"}],"wp:term":[{"taxonomy":"category","embeddable":true,"href":"https:\/\/www.lembach.fr\/mairie\/wp-json\/wp\/v2\/categories?post=8350"},{"taxonomy":"post_tag","embeddable":true,"href":"https:\/\/www.lembach.fr\/mairie\/wp-json\/wp\/v2\/tags?post=8350"}],"curies":[{"name":"wp","href":"https:\/\/api.w.org\/{rel}","templated":true}]}}