{"id":8273,"date":"2025-01-27T16:40:39","date_gmt":"2025-01-27T15:40:39","guid":{"rendered":"https:\/\/www.lembach.fr\/mairie\/?p=8273"},"modified":"2025-01-27T16:40:46","modified_gmt":"2025-01-27T15:40:46","slug":"travaux-forestiers-les-30-et-31-janvier","status":"publish","type":"post","link":"https:\/\/www.lembach.fr\/mairie\/2025\/01\/27\/travaux-forestiers-les-30-et-31-janvier\/","title":{"rendered":"Travaux forestiers les 30 et 31 janvier"},"content":{"rendered":"<h4><span class=\"x1xsqp64 xiy17q3 x1o6pynw x19co3pv xdj266r xcwd3tp xat24cr x39eecv x2b8uid\" data-testid=\"emoji\"><span class=\"xexx8yu xn5pp95 x18d9i69 x2fxd7x x3jgonx x1bhl96m\">\u2139<\/span><\/span> INFO COMMUNE <span class=\"x1xsqp64 xiy17q3 x1o6pynw x19co3pv xdj266r xcwd3tp xat24cr x39eecv x2b8uid\" data-testid=\"emoji\"><span class=\"xexx8yu xn5pp95 x18d9i69 x2fxd7x x3jgonx x1bhl96m\">\u2139<\/span><\/span><\/h4>\n<p>&nbsp;<\/p>\n<p>les 30 et 31 janvier, des travaux forestiers de s\u00e9curisation auront lieu sur la D3 entre Lembach et la Tannenbruck, sur la D65 entre Lembach et Pfaffenbronn et sur la route communale entre Mattstall et Langensoultzbach. La circulation des v\u00e9hicules sera altern\u00e9e de 8h \u00e0 17h<\/p>\n<p>&nbsp;<\/p>\n<p><a href=\"https:\/\/www.lembach.fr\/mairie\/wp-content\/uploads\/2025\/01\/2025.01-travaux-forestier-mattsatll.jpg\"><img loading=\"lazy\" decoding=\"async\" class=\"alignnone wp-image-8272\" src=\"https:\/\/www.lembach.fr\/mairie\/wp-content\/uploads\/2025\/01\/2025.01-travaux-forestier-mattsatll.jpg\" alt=\"\" width=\"664\" height=\"541\" srcset=\"https:\/\/www.lembach.fr\/mairie\/wp-content\/uploads\/2025\/01\/2025.01-travaux-forestier-mattsatll.jpg 1015w, https:\/\/www.lembach.fr\/mairie\/wp-content\/uploads\/2025\/01\/2025.01-travaux-forestier-mattsatll-300x244.jpg 300w, https:\/\/www.lembach.fr\/mairie\/wp-content\/uploads\/2025\/01\/2025.01-travaux-forestier-mattsatll-768x626.jpg 768w, https:\/\/www.lembach.fr\/mairie\/wp-content\/uploads\/2025\/01\/2025.01-travaux-forestier-mattsatll-847x690.jpg 847w\" sizes=\"auto, (max-width: 664px) 100vw, 664px\" \/><\/a><\/p>\n<p>&nbsp;<\/p>\n<p><a href=\"https:\/\/www.lembach.fr\/mairie\/wp-content\/uploads\/2025\/01\/2025.01-travaux-forestier-tannebruck.jpg\"><img loading=\"lazy\" decoding=\"async\" class=\"alignnone wp-image-8271\" src=\"https:\/\/www.lembach.fr\/mairie\/wp-content\/uploads\/2025\/01\/2025.01-travaux-forestier-tannebruck.jpg\" alt=\"\" width=\"671\" height=\"477\" srcset=\"https:\/\/www.lembach.fr\/mairie\/wp-content\/uploads\/2025\/01\/2025.01-travaux-forestier-tannebruck.jpg 1226w, https:\/\/www.lembach.fr\/mairie\/wp-content\/uploads\/2025\/01\/2025.01-travaux-forestier-tannebruck-300x213.jpg 300w, https:\/\/www.lembach.fr\/mairie\/wp-content\/uploads\/2025\/01\/2025.01-travaux-forestier-tannebruck-1024x728.jpg 1024w, https:\/\/www.lembach.fr\/mairie\/wp-content\/uploads\/2025\/01\/2025.01-travaux-forestier-tannebruck-768x546.jpg 768w, https:\/\/www.lembach.fr\/mairie\/wp-content\/uploads\/2025\/01\/2025.01-travaux-forestier-tannebruck-847x602.jpg 847w\" sizes=\"auto, (max-width: 671px) 100vw, 671px\" \/><\/a><\/p>\n<p>&nbsp;<\/p>\n<p><a href=\"https:\/\/www.lembach.fr\/mairie\/wp-content\/uploads\/2025\/01\/2025.01-travaux-forestier-pfaffenbronn.jpg\"><img loading=\"lazy\" decoding=\"async\" class=\"alignnone wp-image-8270\" src=\"https:\/\/www.lembach.fr\/mairie\/wp-content\/uploads\/2025\/01\/2025.01-travaux-forestier-pfaffenbronn.jpg\" alt=\"\" width=\"672\" height=\"508\" srcset=\"https:\/\/www.lembach.fr\/mairie\/wp-content\/uploads\/2025\/01\/2025.01-travaux-forestier-pfaffenbronn.jpg 1061w, https:\/\/www.lembach.fr\/mairie\/wp-content\/uploads\/2025\/01\/2025.01-travaux-forestier-pfaffenbronn-300x227.jpg 300w, https:\/\/www.lembach.fr\/mairie\/wp-content\/uploads\/2025\/01\/2025.01-travaux-forestier-pfaffenbronn-1024x774.jpg 1024w, https:\/\/www.lembach.fr\/mairie\/wp-content\/uploads\/2025\/01\/2025.01-travaux-forestier-pfaffenbronn-768x581.jpg 768w, https:\/\/www.lembach.fr\/mairie\/wp-content\/uploads\/2025\/01\/2025.01-travaux-forestier-pfaffenbronn-847x640.jpg 847w\" sizes=\"auto, (max-width: 672px) 100vw, 672px\" \/><\/a><\/p>\n<p>&nbsp;<\/p>\n<p>&nbsp;<\/p>\n","protected":false},"excerpt":{"rendered":"<p>\u2139 INFO COMMUNE \u2139 &nbsp; les 30 et 31 janvier, des travaux forestiers de s\u00e9curisation auront lieu sur la D3 entre Lembach et la Tannenbruck, sur la D65 entre Lembach et Pfaffenbronn et sur la route communale entre Mattstall et Langensoultzbach. La circulation des v\u00e9hicules sera altern\u00e9e de 8h \u00e0 17h &nbsp; &nbsp; &nbsp; &nbsp; &hellip; <\/p>\n<p><a class=\"more-link btn\" href=\"https:\/\/www.lembach.fr\/mairie\/2025\/01\/27\/travaux-forestiers-les-30-et-31-janvier\/\">Lire la suite<\/a><\/p>\n","protected":false},"author":5,"featured_media":0,"comment_status":"closed","ping_status":"closed","sticky":false,"template":"","format":"standard","meta":{"footnotes":""},"categories":[12],"tags":[],"class_list":["post-8273","post","type-post","status-publish","format-standard","hentry","category-informations","item-wrap"],"_links":{"self":[{"href":"https:\/\/www.lembach.fr\/mairie\/wp-json\/wp\/v2\/posts\/8273","targetHints":{"allow":["GET"]}}],"collection":[{"href":"https:\/\/www.lembach.fr\/mairie\/wp-json\/wp\/v2\/posts"}],"about":[{"href":"https:\/\/www.lembach.fr\/mairie\/wp-json\/wp\/v2\/types\/post"}],"author":[{"embeddable":true,"href":"https:\/\/www.lembach.fr\/mairie\/wp-json\/wp\/v2\/users\/5"}],"replies":[{"embeddable":true,"href":"https:\/\/www.lembach.fr\/mairie\/wp-json\/wp\/v2\/comments?post=8273"}],"version-history":[{"count":2,"href":"https:\/\/www.lembach.fr\/mairie\/wp-json\/wp\/v2\/posts\/8273\/revisions"}],"predecessor-version":[{"id":8275,"href":"https:\/\/www.lembach.fr\/mairie\/wp-json\/wp\/v2\/posts\/8273\/revisions\/8275"}],"wp:attachment":[{"href":"https:\/\/www.lembach.fr\/mairie\/wp-json\/wp\/v2\/media?parent=8273"}],"wp:term":[{"taxonomy":"category","embeddable":true,"href":"https:\/\/www.lembach.fr\/mairie\/wp-json\/wp\/v2\/categories?post=8273"},{"taxonomy":"post_tag","embeddable":true,"href":"https:\/\/www.lembach.fr\/mairie\/wp-json\/wp\/v2\/tags?post=8273"}],"curies":[{"name":"wp","href":"https:\/\/api.w.org\/{rel}","templated":true}]}}