{"id":8196,"date":"2024-12-23T10:50:41","date_gmt":"2024-12-23T09:50:41","guid":{"rendered":"https:\/\/www.lembach.fr\/mairie\/?p=8196"},"modified":"2024-12-23T10:50:41","modified_gmt":"2024-12-23T09:50:41","slug":"fermeture-de-la-decheterie-pendant-les-fetes-de-fin-dannee","status":"publish","type":"post","link":"https:\/\/www.lembach.fr\/mairie\/2024\/12\/23\/fermeture-de-la-decheterie-pendant-les-fetes-de-fin-dannee\/","title":{"rendered":"Fermeture de la d\u00e9ch\u00e8terie pendant les f\u00eates de fin d&rsquo;ann\u00e9e"},"content":{"rendered":"<p><a href=\"https:\/\/www.lembach.fr\/mairie\/wp-content\/uploads\/2024\/12\/2024.12-fermeture-decheterie.jpg\"><img loading=\"lazy\" decoding=\"async\" class=\"alignnone size-full wp-image-8195\" src=\"https:\/\/www.lembach.fr\/mairie\/wp-content\/uploads\/2024\/12\/2024.12-fermeture-decheterie.jpg\" alt=\"\" width=\"1123\" height=\"794\" srcset=\"https:\/\/www.lembach.fr\/mairie\/wp-content\/uploads\/2024\/12\/2024.12-fermeture-decheterie.jpg 1123w, https:\/\/www.lembach.fr\/mairie\/wp-content\/uploads\/2024\/12\/2024.12-fermeture-decheterie-300x212.jpg 300w, https:\/\/www.lembach.fr\/mairie\/wp-content\/uploads\/2024\/12\/2024.12-fermeture-decheterie-1024x724.jpg 1024w, https:\/\/www.lembach.fr\/mairie\/wp-content\/uploads\/2024\/12\/2024.12-fermeture-decheterie-768x543.jpg 768w, https:\/\/www.lembach.fr\/mairie\/wp-content\/uploads\/2024\/12\/2024.12-fermeture-decheterie-847x599.jpg 847w\" sizes=\"auto, (max-width: 1123px) 100vw, 1123px\" \/><\/a><\/p>\n","protected":false},"excerpt":{"rendered":"","protected":false},"author":5,"featured_media":0,"comment_status":"closed","ping_status":"closed","sticky":false,"template":"","format":"standard","meta":{"footnotes":""},"categories":[12],"tags":[],"class_list":["post-8196","post","type-post","status-publish","format-standard","hentry","category-informations","item-wrap"],"_links":{"self":[{"href":"https:\/\/www.lembach.fr\/mairie\/wp-json\/wp\/v2\/posts\/8196","targetHints":{"allow":["GET"]}}],"collection":[{"href":"https:\/\/www.lembach.fr\/mairie\/wp-json\/wp\/v2\/posts"}],"about":[{"href":"https:\/\/www.lembach.fr\/mairie\/wp-json\/wp\/v2\/types\/post"}],"author":[{"embeddable":true,"href":"https:\/\/www.lembach.fr\/mairie\/wp-json\/wp\/v2\/users\/5"}],"replies":[{"embeddable":true,"href":"https:\/\/www.lembach.fr\/mairie\/wp-json\/wp\/v2\/comments?post=8196"}],"version-history":[{"count":1,"href":"https:\/\/www.lembach.fr\/mairie\/wp-json\/wp\/v2\/posts\/8196\/revisions"}],"predecessor-version":[{"id":8197,"href":"https:\/\/www.lembach.fr\/mairie\/wp-json\/wp\/v2\/posts\/8196\/revisions\/8197"}],"wp:attachment":[{"href":"https:\/\/www.lembach.fr\/mairie\/wp-json\/wp\/v2\/media?parent=8196"}],"wp:term":[{"taxonomy":"category","embeddable":true,"href":"https:\/\/www.lembach.fr\/mairie\/wp-json\/wp\/v2\/categories?post=8196"},{"taxonomy":"post_tag","embeddable":true,"href":"https:\/\/www.lembach.fr\/mairie\/wp-json\/wp\/v2\/tags?post=8196"}],"curies":[{"name":"wp","href":"https:\/\/api.w.org\/{rel}","templated":true}]}}