{"id":8170,"date":"2024-12-02T14:36:31","date_gmt":"2024-12-02T13:36:31","guid":{"rendered":"https:\/\/www.lembach.fr\/mairie\/?p=8170"},"modified":"2024-12-02T14:36:31","modified_gmt":"2024-12-02T13:36:31","slug":"evenements-dedies-aux-seniors-et-aux-aidants-du-territoire-1er-semestre-2025","status":"publish","type":"post","link":"https:\/\/www.lembach.fr\/mairie\/2024\/12\/02\/evenements-dedies-aux-seniors-et-aux-aidants-du-territoire-1er-semestre-2025\/","title":{"rendered":"\u00c9v\u00e8nements d\u00e9di\u00e9s aux seniors et aux aidants du territoire &#8211; 1er semestre 2025"},"content":{"rendered":"<p><a href=\"https:\/\/www.lembach.fr\/mairie\/wp-content\/uploads\/2024\/12\/2025-programme-1er-semestre.jpg\"><img loading=\"lazy\" decoding=\"async\" class=\"alignnone size-full wp-image-8168\" src=\"https:\/\/www.lembach.fr\/mairie\/wp-content\/uploads\/2024\/12\/2025-programme-1er-semestre.jpg\" alt=\"\" width=\"1110\" height=\"783\" srcset=\"https:\/\/www.lembach.fr\/mairie\/wp-content\/uploads\/2024\/12\/2025-programme-1er-semestre.jpg 1110w, https:\/\/www.lembach.fr\/mairie\/wp-content\/uploads\/2024\/12\/2025-programme-1er-semestre-300x212.jpg 300w, https:\/\/www.lembach.fr\/mairie\/wp-content\/uploads\/2024\/12\/2025-programme-1er-semestre-1024x722.jpg 1024w, https:\/\/www.lembach.fr\/mairie\/wp-content\/uploads\/2024\/12\/2025-programme-1er-semestre-768x542.jpg 768w, https:\/\/www.lembach.fr\/mairie\/wp-content\/uploads\/2024\/12\/2025-programme-1er-semestre-847x597.jpg 847w\" sizes=\"auto, (max-width: 1110px) 100vw, 1110px\" \/><\/a> <a href=\"https:\/\/www.lembach.fr\/mairie\/wp-content\/uploads\/2024\/12\/2025-programme-1er-semestre.1.jpg\"><img loading=\"lazy\" decoding=\"async\" class=\"alignnone size-full wp-image-8169\" src=\"https:\/\/www.lembach.fr\/mairie\/wp-content\/uploads\/2024\/12\/2025-programme-1er-semestre.1.jpg\" alt=\"\" width=\"1109\" height=\"784\" srcset=\"https:\/\/www.lembach.fr\/mairie\/wp-content\/uploads\/2024\/12\/2025-programme-1er-semestre.1.jpg 1109w, https:\/\/www.lembach.fr\/mairie\/wp-content\/uploads\/2024\/12\/2025-programme-1er-semestre.1-300x212.jpg 300w, https:\/\/www.lembach.fr\/mairie\/wp-content\/uploads\/2024\/12\/2025-programme-1er-semestre.1-1024x724.jpg 1024w, https:\/\/www.lembach.fr\/mairie\/wp-content\/uploads\/2024\/12\/2025-programme-1er-semestre.1-768x543.jpg 768w, https:\/\/www.lembach.fr\/mairie\/wp-content\/uploads\/2024\/12\/2025-programme-1er-semestre.1-847x599.jpg 847w\" sizes=\"auto, (max-width: 1109px) 100vw, 1109px\" \/><\/a><\/p>\n","protected":false},"excerpt":{"rendered":"","protected":false},"author":5,"featured_media":0,"comment_status":"closed","ping_status":"closed","sticky":false,"template":"","format":"standard","meta":{"footnotes":""},"categories":[1],"tags":[],"class_list":["post-8170","post","type-post","status-publish","format-standard","hentry","category-non-classe","item-wrap"],"_links":{"self":[{"href":"https:\/\/www.lembach.fr\/mairie\/wp-json\/wp\/v2\/posts\/8170","targetHints":{"allow":["GET"]}}],"collection":[{"href":"https:\/\/www.lembach.fr\/mairie\/wp-json\/wp\/v2\/posts"}],"about":[{"href":"https:\/\/www.lembach.fr\/mairie\/wp-json\/wp\/v2\/types\/post"}],"author":[{"embeddable":true,"href":"https:\/\/www.lembach.fr\/mairie\/wp-json\/wp\/v2\/users\/5"}],"replies":[{"embeddable":true,"href":"https:\/\/www.lembach.fr\/mairie\/wp-json\/wp\/v2\/comments?post=8170"}],"version-history":[{"count":1,"href":"https:\/\/www.lembach.fr\/mairie\/wp-json\/wp\/v2\/posts\/8170\/revisions"}],"predecessor-version":[{"id":8171,"href":"https:\/\/www.lembach.fr\/mairie\/wp-json\/wp\/v2\/posts\/8170\/revisions\/8171"}],"wp:attachment":[{"href":"https:\/\/www.lembach.fr\/mairie\/wp-json\/wp\/v2\/media?parent=8170"}],"wp:term":[{"taxonomy":"category","embeddable":true,"href":"https:\/\/www.lembach.fr\/mairie\/wp-json\/wp\/v2\/categories?post=8170"},{"taxonomy":"post_tag","embeddable":true,"href":"https:\/\/www.lembach.fr\/mairie\/wp-json\/wp\/v2\/tags?post=8170"}],"curies":[{"name":"wp","href":"https:\/\/api.w.org\/{rel}","templated":true}]}}