{"id":8046,"date":"2024-08-07T11:22:27","date_gmt":"2024-08-07T09:22:27","guid":{"rendered":"https:\/\/www.lembach.fr\/mairie\/?p=8046"},"modified":"2024-08-13T09:15:31","modified_gmt":"2024-08-13T07:15:31","slug":"fermeture-du-service-urbanisme-du-12-au-28-aout","status":"publish","type":"post","link":"https:\/\/www.lembach.fr\/mairie\/2024\/08\/07\/fermeture-du-service-urbanisme-du-12-au-28-aout\/","title":{"rendered":"Fermeture du service Urbanisme du 12 au 28 ao\u00fbt"},"content":{"rendered":"<div dir=\"auto\" style=\"text-align: center;\">INFO URBANISME<\/div>\n<div dir=\"auto\"><\/div>\n<div dir=\"auto\">Le service urbanisme de la mairie de Lembach sera ferm\u00e9 du 12 au 26 ao\u00fbt, aucun dossier ne pourra y \u00eatre d\u00e9pos\u00e9 \u00e0 ces dates. Le service sera \u00e0 nouveau ouvert \u00e0 partir du 27 ao\u00fbt.<\/div>\n<div dir=\"auto\">Cependant, les formulaires relatifs \u00e0 l&rsquo;urbanisme, \u00e0 compl\u00e9ter, pourront continuer \u00e0 \u00eatre r\u00e9cup\u00e9r\u00e9s \u00e0 l&rsquo;accueil de la mairie aux horaires d&rsquo;ouverture habituelles <span class=\"html-span xexx8yu x4uap5 x18d9i69 xkhd6sd x1hl2dhg x16tdsg8 x1vvkbs x3nfvp2 x1j61x8r x1fcty0u xdj266r xat24cr xgzva0m xhhsvwb xxymvpz xlup9mm x1kky2od\"><img loading=\"lazy\" decoding=\"async\" class=\"xz74otr\" src=\"https:\/\/static.xx.fbcdn.net\/images\/emoji.php\/v9\/tf6\/1\/16\/1f3e0.png\" alt=\"&#x1f3e0;\" width=\"16\" height=\"16\" \/><\/span><\/div>\n<div dir=\"auto\"><img loading=\"lazy\" decoding=\"async\" class=\"wp-image-8044 aligncenter\" src=\"https:\/\/www.lembach.fr\/mairie\/wp-content\/uploads\/2024\/08\/certificat_d_urbanisme15301.png\" alt=\"\" width=\"371\" height=\"354\" srcset=\"https:\/\/www.lembach.fr\/mairie\/wp-content\/uploads\/2024\/08\/certificat_d_urbanisme15301.png 550w, https:\/\/www.lembach.fr\/mairie\/wp-content\/uploads\/2024\/08\/certificat_d_urbanisme15301-300x286.png 300w\" sizes=\"auto, (max-width: 371px) 100vw, 371px\" \/><\/div>\n<div dir=\"auto\"><\/div>\n<div dir=\"auto\"><\/div>\n","protected":false},"excerpt":{"rendered":"<p>INFO URBANISME Le service urbanisme de la mairie de Lembach sera ferm\u00e9 du 12 au 26 ao\u00fbt, aucun dossier ne pourra y \u00eatre d\u00e9pos\u00e9 \u00e0 ces dates. Le service sera \u00e0 nouveau ouvert \u00e0 partir du 27 ao\u00fbt. Cependant, les formulaires relatifs \u00e0 l&rsquo;urbanisme, \u00e0 compl\u00e9ter, pourront continuer \u00e0 \u00eatre r\u00e9cup\u00e9r\u00e9s \u00e0 l&rsquo;accueil de la &hellip; <\/p>\n<p><a class=\"more-link btn\" href=\"https:\/\/www.lembach.fr\/mairie\/2024\/08\/07\/fermeture-du-service-urbanisme-du-12-au-28-aout\/\">Lire la suite<\/a><\/p>\n","protected":false},"author":5,"featured_media":0,"comment_status":"closed","ping_status":"closed","sticky":false,"template":"","format":"standard","meta":{"footnotes":""},"categories":[25],"tags":[],"class_list":["post-8046","post","type-post","status-publish","format-standard","hentry","category-urbanisme","item-wrap"],"_links":{"self":[{"href":"https:\/\/www.lembach.fr\/mairie\/wp-json\/wp\/v2\/posts\/8046","targetHints":{"allow":["GET"]}}],"collection":[{"href":"https:\/\/www.lembach.fr\/mairie\/wp-json\/wp\/v2\/posts"}],"about":[{"href":"https:\/\/www.lembach.fr\/mairie\/wp-json\/wp\/v2\/types\/post"}],"author":[{"embeddable":true,"href":"https:\/\/www.lembach.fr\/mairie\/wp-json\/wp\/v2\/users\/5"}],"replies":[{"embeddable":true,"href":"https:\/\/www.lembach.fr\/mairie\/wp-json\/wp\/v2\/comments?post=8046"}],"version-history":[{"count":2,"href":"https:\/\/www.lembach.fr\/mairie\/wp-json\/wp\/v2\/posts\/8046\/revisions"}],"predecessor-version":[{"id":8050,"href":"https:\/\/www.lembach.fr\/mairie\/wp-json\/wp\/v2\/posts\/8046\/revisions\/8050"}],"wp:attachment":[{"href":"https:\/\/www.lembach.fr\/mairie\/wp-json\/wp\/v2\/media?parent=8046"}],"wp:term":[{"taxonomy":"category","embeddable":true,"href":"https:\/\/www.lembach.fr\/mairie\/wp-json\/wp\/v2\/categories?post=8046"},{"taxonomy":"post_tag","embeddable":true,"href":"https:\/\/www.lembach.fr\/mairie\/wp-json\/wp\/v2\/tags?post=8046"}],"curies":[{"name":"wp","href":"https:\/\/api.w.org\/{rel}","templated":true}]}}