{"id":8009,"date":"2024-07-29T16:32:25","date_gmt":"2024-07-29T14:32:25","guid":{"rendered":"https:\/\/www.lembach.fr\/mairie\/?p=8009"},"modified":"2024-08-13T09:22:20","modified_gmt":"2024-08-13T07:22:20","slug":"arrete-municipal-portant-interdiction-de-lacces-des-chiens","status":"publish","type":"post","link":"https:\/\/www.lembach.fr\/mairie\/2024\/07\/29\/arrete-municipal-portant-interdiction-de-lacces-des-chiens\/","title":{"rendered":"Arr\u00eat\u00e9 municipal portant interdiction de l&rsquo;acc\u00e8s des chiens"},"content":{"rendered":"<h4 dir=\"auto\" style=\"text-align: center;\">La pr\u00e9sence de chiens, m\u00eame tenus en laisse et musel\u00e9s, est interdite sur les lieux suivants :<\/h4>\n<div dir=\"auto\" style=\"text-align: left;\">&#8211; Jardin de la Paix<\/div>\n<div dir=\"auto\" style=\"text-align: left;\">&#8211; City Stade<\/div>\n<div dir=\"auto\" style=\"text-align: left;\">&#8211; Cour de l&rsquo;\u00e9cole<\/div>\n<div dir=\"auto\" style=\"text-align: left;\">&#8211; Parcs pour enfants<\/div>\n<div dir=\"auto\" style=\"text-align: left;\">&#8211; Terrain de football<\/div>\n<div dir=\"auto\" style=\"text-align: left;\">&#8211; Cimeti\u00e8re<\/div>\n<div dir=\"auto\"><\/div>\n<div dir=\"auto\" style=\"text-align: left;\"><img loading=\"lazy\" decoding=\"async\" class=\"wp-image-8006 aligncenter\" src=\"https:\/\/www.lembach.fr\/mairie\/wp-content\/uploads\/2024\/07\/676925-panneau-interdit-aux-chiens-meme-tenus-en-laisse_1.jpg\" alt=\"\" width=\"189\" height=\"189\" srcset=\"https:\/\/www.lembach.fr\/mairie\/wp-content\/uploads\/2024\/07\/676925-panneau-interdit-aux-chiens-meme-tenus-en-laisse_1.jpg 460w, https:\/\/www.lembach.fr\/mairie\/wp-content\/uploads\/2024\/07\/676925-panneau-interdit-aux-chiens-meme-tenus-en-laisse_1-300x300.jpg 300w, https:\/\/www.lembach.fr\/mairie\/wp-content\/uploads\/2024\/07\/676925-panneau-interdit-aux-chiens-meme-tenus-en-laisse_1-150x150.jpg 150w\" sizes=\"auto, (max-width: 189px) 100vw, 189px\" \/> <a href=\"https:\/\/www.lembach.fr\/mairie\/wp-content\/uploads\/2024\/07\/Capture-decran-2024-07-29-162425.jpg\"><img loading=\"lazy\" decoding=\"async\" class=\"alignnone size-full wp-image-8007\" src=\"https:\/\/www.lembach.fr\/mairie\/wp-content\/uploads\/2024\/07\/Capture-decran-2024-07-29-162425.jpg\" alt=\"\" width=\"631\" height=\"827\" srcset=\"https:\/\/www.lembach.fr\/mairie\/wp-content\/uploads\/2024\/07\/Capture-decran-2024-07-29-162425.jpg 631w, https:\/\/www.lembach.fr\/mairie\/wp-content\/uploads\/2024\/07\/Capture-decran-2024-07-29-162425-229x300.jpg 229w\" sizes=\"auto, (max-width: 631px) 100vw, 631px\" \/><\/a> <a href=\"https:\/\/www.lembach.fr\/mairie\/wp-content\/uploads\/2024\/07\/Capture-decran-2024-07-29-162444.jpg\"><img loading=\"lazy\" decoding=\"async\" class=\"alignnone size-full wp-image-8008\" src=\"https:\/\/www.lembach.fr\/mairie\/wp-content\/uploads\/2024\/07\/Capture-decran-2024-07-29-162444.jpg\" alt=\"\" width=\"634\" height=\"687\" srcset=\"https:\/\/www.lembach.fr\/mairie\/wp-content\/uploads\/2024\/07\/Capture-decran-2024-07-29-162444.jpg 634w, https:\/\/www.lembach.fr\/mairie\/wp-content\/uploads\/2024\/07\/Capture-decran-2024-07-29-162444-277x300.jpg 277w\" sizes=\"auto, (max-width: 634px) 100vw, 634px\" \/><\/a><\/div>\n","protected":false},"excerpt":{"rendered":"<p>La pr\u00e9sence de chiens, m\u00eame tenus en laisse et musel\u00e9s, est interdite sur les lieux suivants : &#8211; Jardin de la Paix &#8211; City Stade &#8211; Cour de l&rsquo;\u00e9cole &#8211; Parcs pour enfants &#8211; Terrain de football &#8211; Cimeti\u00e8re<\/p>\n","protected":false},"author":5,"featured_media":0,"comment_status":"closed","ping_status":"closed","sticky":false,"template":"","format":"standard","meta":{"footnotes":""},"categories":[12],"tags":[],"class_list":["post-8009","post","type-post","status-publish","format-standard","hentry","category-informations","item-wrap"],"_links":{"self":[{"href":"https:\/\/www.lembach.fr\/mairie\/wp-json\/wp\/v2\/posts\/8009","targetHints":{"allow":["GET"]}}],"collection":[{"href":"https:\/\/www.lembach.fr\/mairie\/wp-json\/wp\/v2\/posts"}],"about":[{"href":"https:\/\/www.lembach.fr\/mairie\/wp-json\/wp\/v2\/types\/post"}],"author":[{"embeddable":true,"href":"https:\/\/www.lembach.fr\/mairie\/wp-json\/wp\/v2\/users\/5"}],"replies":[{"embeddable":true,"href":"https:\/\/www.lembach.fr\/mairie\/wp-json\/wp\/v2\/comments?post=8009"}],"version-history":[{"count":3,"href":"https:\/\/www.lembach.fr\/mairie\/wp-json\/wp\/v2\/posts\/8009\/revisions"}],"predecessor-version":[{"id":8054,"href":"https:\/\/www.lembach.fr\/mairie\/wp-json\/wp\/v2\/posts\/8009\/revisions\/8054"}],"wp:attachment":[{"href":"https:\/\/www.lembach.fr\/mairie\/wp-json\/wp\/v2\/media?parent=8009"}],"wp:term":[{"taxonomy":"category","embeddable":true,"href":"https:\/\/www.lembach.fr\/mairie\/wp-json\/wp\/v2\/categories?post=8009"},{"taxonomy":"post_tag","embeddable":true,"href":"https:\/\/www.lembach.fr\/mairie\/wp-json\/wp\/v2\/tags?post=8009"}],"curies":[{"name":"wp","href":"https:\/\/api.w.org\/{rel}","templated":true}]}}