{"id":7961,"date":"2024-05-29T11:21:56","date_gmt":"2024-05-29T09:21:56","guid":{"rendered":"https:\/\/www.lembach.fr\/mairie\/?p=7961"},"modified":"2024-05-29T11:21:59","modified_gmt":"2024-05-29T09:21:59","slug":"arrete-prefectoral-feu-de-foret","status":"publish","type":"post","link":"https:\/\/www.lembach.fr\/mairie\/2024\/05\/29\/arrete-prefectoral-feu-de-foret\/","title":{"rendered":"Arr\u00eat\u00e9 pr\u00e9fectoral &#8211; feu de for\u00eat"},"content":{"rendered":"<p>Cliquer sur l&rsquo;image pour voir l&rsquo;arr\u00eat\u00e9 en entier :<\/p>\n<p><a href=\"https:\/\/www.lembach.fr\/mairie\/wp-content\/uploads\/2024\/05\/2009.03.16-Arrete_prefectoral_67_feux_de-foret-2009.pdf\" target=\"_blank\" rel=\"noopener\"><img loading=\"lazy\" decoding=\"async\" class=\"size-full wp-image-7963 aligncenter\" src=\"https:\/\/www.lembach.fr\/mairie\/wp-content\/uploads\/2024\/05\/Capture-decran-2024-05-29-112017.jpg\" alt=\"\" width=\"516\" height=\"127\" srcset=\"https:\/\/www.lembach.fr\/mairie\/wp-content\/uploads\/2024\/05\/Capture-decran-2024-05-29-112017.jpg 516w, https:\/\/www.lembach.fr\/mairie\/wp-content\/uploads\/2024\/05\/Capture-decran-2024-05-29-112017-300x74.jpg 300w\" sizes=\"auto, (max-width: 516px) 100vw, 516px\" \/><\/a><\/p>\n","protected":false},"excerpt":{"rendered":"<p>Cliquer sur l&rsquo;image pour voir l&rsquo;arr\u00eat\u00e9 en entier :<\/p>\n","protected":false},"author":5,"featured_media":0,"comment_status":"closed","ping_status":"closed","sticky":false,"template":"","format":"standard","meta":{"footnotes":""},"categories":[12],"tags":[],"class_list":["post-7961","post","type-post","status-publish","format-standard","hentry","category-informations","item-wrap"],"_links":{"self":[{"href":"https:\/\/www.lembach.fr\/mairie\/wp-json\/wp\/v2\/posts\/7961","targetHints":{"allow":["GET"]}}],"collection":[{"href":"https:\/\/www.lembach.fr\/mairie\/wp-json\/wp\/v2\/posts"}],"about":[{"href":"https:\/\/www.lembach.fr\/mairie\/wp-json\/wp\/v2\/types\/post"}],"author":[{"embeddable":true,"href":"https:\/\/www.lembach.fr\/mairie\/wp-json\/wp\/v2\/users\/5"}],"replies":[{"embeddable":true,"href":"https:\/\/www.lembach.fr\/mairie\/wp-json\/wp\/v2\/comments?post=7961"}],"version-history":[{"count":3,"href":"https:\/\/www.lembach.fr\/mairie\/wp-json\/wp\/v2\/posts\/7961\/revisions"}],"predecessor-version":[{"id":7965,"href":"https:\/\/www.lembach.fr\/mairie\/wp-json\/wp\/v2\/posts\/7961\/revisions\/7965"}],"wp:attachment":[{"href":"https:\/\/www.lembach.fr\/mairie\/wp-json\/wp\/v2\/media?parent=7961"}],"wp:term":[{"taxonomy":"category","embeddable":true,"href":"https:\/\/www.lembach.fr\/mairie\/wp-json\/wp\/v2\/categories?post=7961"},{"taxonomy":"post_tag","embeddable":true,"href":"https:\/\/www.lembach.fr\/mairie\/wp-json\/wp\/v2\/tags?post=7961"}],"curies":[{"name":"wp","href":"https:\/\/api.w.org\/{rel}","templated":true}]}}