{"id":7914,"date":"2024-04-22T10:14:19","date_gmt":"2024-04-22T08:14:19","guid":{"rendered":"https:\/\/www.lembach.fr\/mairie\/?p=7914"},"modified":"2024-04-22T14:27:39","modified_gmt":"2024-04-22T12:27:39","slug":"travaux-rue-principale-a-paffenbronn-semaine-18","status":"publish","type":"post","link":"https:\/\/www.lembach.fr\/mairie\/2024\/04\/22\/travaux-rue-principale-a-paffenbronn-semaine-18\/","title":{"rendered":"Travaux rue Principale \u00e0 Paffenbronn &#8211; semaine 18"},"content":{"rendered":"<p style=\"text-align: center;\">&#x2139; INFO TRAVAUX PFAFFENBRONN &#x2139;<\/p>\n<p style=\"text-align: center;\">A partir du lundi 29 avril et jusqu&rsquo;au vendredi 5 mai des travaux de branchement au r\u00e9seau d&rsquo;eau auront lieu sur la route principale \u00e0 Pfaffenbronn. La circulation sera altern\u00e9e &#x1f6a7;<\/p>\n<p><a href=\"https:\/\/www.lembach.fr\/mairie\/wp-content\/uploads\/2024\/04\/2024.4-travaux-Pfaff.jpg\"><img loading=\"lazy\" decoding=\"async\" class=\"size-full wp-image-7915 aligncenter\" src=\"https:\/\/www.lembach.fr\/mairie\/wp-content\/uploads\/2024\/04\/2024.4-travaux-Pfaff.jpg\" alt=\"\" width=\"1164\" height=\"678\" srcset=\"https:\/\/www.lembach.fr\/mairie\/wp-content\/uploads\/2024\/04\/2024.4-travaux-Pfaff.jpg 1164w, https:\/\/www.lembach.fr\/mairie\/wp-content\/uploads\/2024\/04\/2024.4-travaux-Pfaff-300x175.jpg 300w, https:\/\/www.lembach.fr\/mairie\/wp-content\/uploads\/2024\/04\/2024.4-travaux-Pfaff-1024x596.jpg 1024w, https:\/\/www.lembach.fr\/mairie\/wp-content\/uploads\/2024\/04\/2024.4-travaux-Pfaff-768x447.jpg 768w, https:\/\/www.lembach.fr\/mairie\/wp-content\/uploads\/2024\/04\/2024.4-travaux-Pfaff-847x493.jpg 847w\" sizes=\"auto, (max-width: 1164px) 100vw, 1164px\" \/><\/a><\/p>\n<p>&nbsp;<\/p>\n","protected":false},"excerpt":{"rendered":"<p>&#x2139; INFO TRAVAUX PFAFFENBRONN &#x2139; A partir du lundi 29 avril et jusqu&rsquo;au vendredi 5 mai des travaux de branchement au r\u00e9seau d&rsquo;eau auront lieu sur la route principale \u00e0 Pfaffenbronn. La circulation sera altern\u00e9e &#x1f6a7; &nbsp;<\/p>\n","protected":false},"author":5,"featured_media":0,"comment_status":"closed","ping_status":"closed","sticky":false,"template":"","format":"standard","meta":{"footnotes":""},"categories":[12,25],"tags":[],"class_list":["post-7914","post","type-post","status-publish","format-standard","hentry","category-informations","category-urbanisme","item-wrap"],"_links":{"self":[{"href":"https:\/\/www.lembach.fr\/mairie\/wp-json\/wp\/v2\/posts\/7914","targetHints":{"allow":["GET"]}}],"collection":[{"href":"https:\/\/www.lembach.fr\/mairie\/wp-json\/wp\/v2\/posts"}],"about":[{"href":"https:\/\/www.lembach.fr\/mairie\/wp-json\/wp\/v2\/types\/post"}],"author":[{"embeddable":true,"href":"https:\/\/www.lembach.fr\/mairie\/wp-json\/wp\/v2\/users\/5"}],"replies":[{"embeddable":true,"href":"https:\/\/www.lembach.fr\/mairie\/wp-json\/wp\/v2\/comments?post=7914"}],"version-history":[{"count":2,"href":"https:\/\/www.lembach.fr\/mairie\/wp-json\/wp\/v2\/posts\/7914\/revisions"}],"predecessor-version":[{"id":7917,"href":"https:\/\/www.lembach.fr\/mairie\/wp-json\/wp\/v2\/posts\/7914\/revisions\/7917"}],"wp:attachment":[{"href":"https:\/\/www.lembach.fr\/mairie\/wp-json\/wp\/v2\/media?parent=7914"}],"wp:term":[{"taxonomy":"category","embeddable":true,"href":"https:\/\/www.lembach.fr\/mairie\/wp-json\/wp\/v2\/categories?post=7914"},{"taxonomy":"post_tag","embeddable":true,"href":"https:\/\/www.lembach.fr\/mairie\/wp-json\/wp\/v2\/tags?post=7914"}],"curies":[{"name":"wp","href":"https:\/\/api.w.org\/{rel}","templated":true}]}}