{"id":7903,"date":"2024-04-10T17:46:48","date_gmt":"2024-04-10T15:46:48","guid":{"rendered":"https:\/\/www.lembach.fr\/mairie\/?p=7903"},"modified":"2024-04-10T17:46:48","modified_gmt":"2024-04-10T15:46:48","slug":"lembach-relais-de-la-flamme","status":"publish","type":"post","link":"https:\/\/www.lembach.fr\/mairie\/2024\/04\/10\/lembach-relais-de-la-flamme\/","title":{"rendered":"LEMBACH RELAIS DE LA FLAMME"},"content":{"rendered":"<div dir=\"auto\" style=\"text-align: center;\">RELAIS DE LA FLAMME<\/div>\n<div dir=\"auto\" style=\"text-align: center;\">Ouverture des inscriptions pour participer au passage de la flamme \u00e0 Lembach\/Fleckenstein le 26 juin 2024 <span class=\"x3nfvp2 x1j61x8r x1fcty0u xdj266r xhhsvwb xat24cr xgzva0m xxymvpz xlup9mm x1kky2od\"><img loading=\"lazy\" decoding=\"async\" class=\"xz74otr\" src=\"https:\/\/static.xx.fbcdn.net\/images\/emoji.php\/v9\/tba\/1\/16\/1f4e3.png\" alt=\"&#x1f4e3;\" width=\"16\" height=\"16\" \/><\/span><\/div>\n<div dir=\"auto\" style=\"text-align: center;\"><span class=\"x3nfvp2 x1j61x8r x1fcty0u xdj266r xhhsvwb xat24cr xgzva0m xxymvpz xlup9mm x1kky2od\"><img loading=\"lazy\" decoding=\"async\" class=\"xz74otr\" src=\"https:\/\/static.xx.fbcdn.net\/images\/emoji.php\/v9\/t77\/1\/16\/203c.png\" alt=\"&#x203c;&#xfe0f;\" width=\"16\" height=\"16\" \/><\/span> ATTENTION : Inscription obligatoire pour participer \u00e0 l&rsquo;\u00e9v\u00e8nement<span class=\"x3nfvp2 x1j61x8r x1fcty0u xdj266r xhhsvwb xat24cr xgzva0m xxymvpz xlup9mm x1kky2od\"><img loading=\"lazy\" decoding=\"async\" class=\"xz74otr\" src=\"https:\/\/static.xx.fbcdn.net\/images\/emoji.php\/v9\/t77\/1\/16\/203c.png\" alt=\"&#x203c;&#xfe0f;\" width=\"16\" height=\"16\" \/><\/span> Seules les personnes inscrites auront acc\u00e8s au site du Fleckenstein et au parking du Gimbelhof (places limlit\u00e9es)<\/div>\n<div dir=\"auto\" style=\"text-align: center;\">L&rsquo;acc\u00e8s au Fleckenstein se fera uniquement via des navettes-bus \u00e0 partir des villages ou \u00e0 pied \u00e0 partir du Gimbelhof<\/div>\n<div dir=\"auto\" style=\"text-align: center;\">Pour vous inscrire <span class=\"x3nfvp2 x1j61x8r x1fcty0u xdj266r xhhsvwb xat24cr xgzva0m xxymvpz xlup9mm x1kky2od\"><img loading=\"lazy\" decoding=\"async\" class=\"xz74otr\" src=\"https:\/\/static.xx.fbcdn.net\/images\/emoji.php\/v9\/t4f\/1\/16\/1f447.png\" alt=\"&#x1f447;\" width=\"16\" height=\"16\" \/><\/span><span class=\"x3nfvp2 x1j61x8r x1fcty0u xdj266r xhhsvwb xat24cr xgzva0m xxymvpz xlup9mm x1kky2od\"><img loading=\"lazy\" decoding=\"async\" class=\"xz74otr\" src=\"https:\/\/static.xx.fbcdn.net\/images\/emoji.php\/v9\/t4f\/1\/16\/1f447.png\" alt=\"&#x1f447;\" width=\"16\" height=\"16\" \/><\/span><\/div>\n<div dir=\"auto\" style=\"text-align: center;\"><a class=\"x1i10hfl xjbqb8w x1ejq31n xd10rxx x1sy0etr x17r0tee x972fbf xcfux6l x1qhh985 xm0m39n x9f619 x1ypdohk xt0psk2 xe8uvvx xdj266r x11i5rnm xat24cr x1mh8g0r xexx8yu x4uap5 x18d9i69 xkhd6sd x16tdsg8 x1hl2dhg xggy1nq x1a2a7pz xt0b8zv x1fey0fg\" tabindex=\"0\" role=\"link\" href=\"https:\/\/forms.gle\/srkjLHH8aCoky5Ev8?fbclid=IwAR1idXJKITYf2mjNu4AMkmY0i_9AgXIU3yUc-qD1rWByL5pUyDLBqfkhzmE_aem_ATXKL2eC3n5UYQ92CBHEU6BIfUviv-FJWlnSOjVdgGS02PUkWjUSWRVjfIRMA06-VUYBNXJ8Gn72cHI9LuVXSRdj\" target=\"_blank\" rel=\"nofollow noopener noreferrer\">https:\/\/forms.gle\/srkjLHH8aCoky5Ev8<\/a><a href=\"https:\/\/www.lembach.fr\/mairie\/wp-content\/uploads\/2024\/04\/flamme-2024.jpg\"><img loading=\"lazy\" decoding=\"async\" class=\" wp-image-7906 aligncenter\" src=\"https:\/\/www.lembach.fr\/mairie\/wp-content\/uploads\/2024\/04\/flamme-2024.jpg\" alt=\"\" width=\"535\" height=\"537\" srcset=\"https:\/\/www.lembach.fr\/mairie\/wp-content\/uploads\/2024\/04\/flamme-2024.jpg 836w, https:\/\/www.lembach.fr\/mairie\/wp-content\/uploads\/2024\/04\/flamme-2024-300x300.jpg 300w, https:\/\/www.lembach.fr\/mairie\/wp-content\/uploads\/2024\/04\/flamme-2024-150x150.jpg 150w, https:\/\/www.lembach.fr\/mairie\/wp-content\/uploads\/2024\/04\/flamme-2024-768x771.jpg 768w\" sizes=\"auto, (max-width: 535px) 100vw, 535px\" \/><\/a><\/div>\n","protected":false},"excerpt":{"rendered":"<p>RELAIS DE LA FLAMME Ouverture des inscriptions pour participer au passage de la flamme \u00e0 Lembach\/Fleckenstein le 26 juin 2024 ATTENTION : Inscription obligatoire pour participer \u00e0 l&rsquo;\u00e9v\u00e8nement Seules les personnes inscrites auront acc\u00e8s au site du Fleckenstein et au parking du Gimbelhof (places limlit\u00e9es) L&rsquo;acc\u00e8s au Fleckenstein se fera uniquement via des navettes-bus \u00e0 &hellip; <\/p>\n<p><a class=\"more-link btn\" href=\"https:\/\/www.lembach.fr\/mairie\/2024\/04\/10\/lembach-relais-de-la-flamme\/\">Lire la suite<\/a><\/p>\n","protected":false},"author":5,"featured_media":0,"comment_status":"closed","ping_status":"closed","sticky":false,"template":"","format":"standard","meta":{"footnotes":""},"categories":[7,11,20],"tags":[],"class_list":["post-7903","post","type-post","status-publish","format-standard","hentry","category-manifestations","category-sorties-et-visites","category-spectacle","item-wrap"],"_links":{"self":[{"href":"https:\/\/www.lembach.fr\/mairie\/wp-json\/wp\/v2\/posts\/7903","targetHints":{"allow":["GET"]}}],"collection":[{"href":"https:\/\/www.lembach.fr\/mairie\/wp-json\/wp\/v2\/posts"}],"about":[{"href":"https:\/\/www.lembach.fr\/mairie\/wp-json\/wp\/v2\/types\/post"}],"author":[{"embeddable":true,"href":"https:\/\/www.lembach.fr\/mairie\/wp-json\/wp\/v2\/users\/5"}],"replies":[{"embeddable":true,"href":"https:\/\/www.lembach.fr\/mairie\/wp-json\/wp\/v2\/comments?post=7903"}],"version-history":[{"count":3,"href":"https:\/\/www.lembach.fr\/mairie\/wp-json\/wp\/v2\/posts\/7903\/revisions"}],"predecessor-version":[{"id":7907,"href":"https:\/\/www.lembach.fr\/mairie\/wp-json\/wp\/v2\/posts\/7903\/revisions\/7907"}],"wp:attachment":[{"href":"https:\/\/www.lembach.fr\/mairie\/wp-json\/wp\/v2\/media?parent=7903"}],"wp:term":[{"taxonomy":"category","embeddable":true,"href":"https:\/\/www.lembach.fr\/mairie\/wp-json\/wp\/v2\/categories?post=7903"},{"taxonomy":"post_tag","embeddable":true,"href":"https:\/\/www.lembach.fr\/mairie\/wp-json\/wp\/v2\/tags?post=7903"}],"curies":[{"name":"wp","href":"https:\/\/api.w.org\/{rel}","templated":true}]}}