{"id":7825,"date":"2024-01-29T11:47:56","date_gmt":"2024-01-29T10:47:56","guid":{"rendered":"https:\/\/www.lembach.fr\/mairie\/?p=7825"},"modified":"2024-01-29T11:47:56","modified_gmt":"2024-01-29T10:47:56","slug":"permanences-de-la-depute-stephanie-kochert-6-fevrier-a-lembach","status":"publish","type":"post","link":"https:\/\/www.lembach.fr\/mairie\/2024\/01\/29\/permanences-de-la-depute-stephanie-kochert-6-fevrier-a-lembach\/","title":{"rendered":"Permanences de la d\u00e9put\u00e9 St\u00e9phanie Kochert &#8211; 6 f\u00e9vrier \u00e0 Lembach"},"content":{"rendered":"<p><a href=\"https:\/\/www.lembach.fr\/mairie\/wp-content\/uploads\/2024\/01\/2024.01-calendrier-permanence-S.Kochert.jpg\"><img loading=\"lazy\" decoding=\"async\" class=\"alignnone size-full wp-image-7823\" src=\"https:\/\/www.lembach.fr\/mairie\/wp-content\/uploads\/2024\/01\/2024.01-calendrier-permanence-S.Kochert.jpg\" alt=\"\" width=\"630\" height=\"882\" srcset=\"https:\/\/www.lembach.fr\/mairie\/wp-content\/uploads\/2024\/01\/2024.01-calendrier-permanence-S.Kochert.jpg 630w, https:\/\/www.lembach.fr\/mairie\/wp-content\/uploads\/2024\/01\/2024.01-calendrier-permanence-S.Kochert-214x300.jpg 214w\" sizes=\"auto, (max-width: 630px) 100vw, 630px\" \/><\/a><\/p>\n","protected":false},"excerpt":{"rendered":"","protected":false},"author":5,"featured_media":0,"comment_status":"closed","ping_status":"closed","sticky":false,"template":"","format":"standard","meta":{"footnotes":""},"categories":[12],"tags":[],"class_list":["post-7825","post","type-post","status-publish","format-standard","hentry","category-informations","item-wrap"],"_links":{"self":[{"href":"https:\/\/www.lembach.fr\/mairie\/wp-json\/wp\/v2\/posts\/7825","targetHints":{"allow":["GET"]}}],"collection":[{"href":"https:\/\/www.lembach.fr\/mairie\/wp-json\/wp\/v2\/posts"}],"about":[{"href":"https:\/\/www.lembach.fr\/mairie\/wp-json\/wp\/v2\/types\/post"}],"author":[{"embeddable":true,"href":"https:\/\/www.lembach.fr\/mairie\/wp-json\/wp\/v2\/users\/5"}],"replies":[{"embeddable":true,"href":"https:\/\/www.lembach.fr\/mairie\/wp-json\/wp\/v2\/comments?post=7825"}],"version-history":[{"count":1,"href":"https:\/\/www.lembach.fr\/mairie\/wp-json\/wp\/v2\/posts\/7825\/revisions"}],"predecessor-version":[{"id":7826,"href":"https:\/\/www.lembach.fr\/mairie\/wp-json\/wp\/v2\/posts\/7825\/revisions\/7826"}],"wp:attachment":[{"href":"https:\/\/www.lembach.fr\/mairie\/wp-json\/wp\/v2\/media?parent=7825"}],"wp:term":[{"taxonomy":"category","embeddable":true,"href":"https:\/\/www.lembach.fr\/mairie\/wp-json\/wp\/v2\/categories?post=7825"},{"taxonomy":"post_tag","embeddable":true,"href":"https:\/\/www.lembach.fr\/mairie\/wp-json\/wp\/v2\/tags?post=7825"}],"curies":[{"name":"wp","href":"https:\/\/api.w.org\/{rel}","templated":true}]}}