{"id":7807,"date":"2024-01-26T10:34:00","date_gmt":"2024-01-26T09:34:00","guid":{"rendered":"https:\/\/www.lembach.fr\/mairie\/?p=7807"},"modified":"2024-01-26T10:34:00","modified_gmt":"2024-01-26T09:34:00","slug":"essais-de-pression-et-de-debit-sur-le-reseau-eau-entre-le-31-01-et-le-02-02","status":"publish","type":"post","link":"https:\/\/www.lembach.fr\/mairie\/2024\/01\/26\/essais-de-pression-et-de-debit-sur-le-reseau-eau-entre-le-31-01-et-le-02-02\/","title":{"rendered":"Essais de pression et de d\u00e9bit sur le r\u00e9seau eau &#8211; entre le 31\/01 et le 02\/02"},"content":{"rendered":"<div class=\"xdj266r x11i5rnm xat24cr x1mh8g0r x1vvkbs x126k92a\" style=\"margin: 0px; overflow-wrap: break-word; white-space: pre-wrap; animation-name: none !important; transition-property: none !important; font-family: 'Segoe UI Historic', 'Segoe UI', Helvetica, Arial, sans-serif; color: #050505; font-size: 15px; font-style: normal; font-variant-ligatures: normal; font-variant-caps: normal; font-weight: 400; letter-spacing: normal; orphans: 2; text-align: left; text-indent: 0px; text-transform: none; widows: 2; word-spacing: 0px; -webkit-text-stroke-width: 0px; background-color: #ffffff; text-decoration-thickness: initial; text-decoration-style: initial; text-decoration-color: initial;\">\n<div dir=\"auto\" style=\"animation-name: none !important; transition-property: none !important; font-family: inherit; text-align: start;\"><\/div>\n<h4 dir=\"auto\" style=\"animation-name: none !important; transition-property: none !important; font-family: inherit; text-align: center;\">INFO SDEA :<\/h4>\n<div dir=\"auto\" style=\"animation-name: none !important; transition-property: none !important; font-family: inherit; text-align: center;\"><\/div>\n<div dir=\"auto\" style=\"animation-name: none !important; transition-property: none !important; font-family: inherit; text-align: center;\">Des essais de pression et de d\u00e9bit seront effectu\u00e9s sur le parc d&rsquo;\u00e9quipements incendie de la commune entre le 31 janvier au 2 f\u00e9vrier, ce qui pourra entrainer quelques perturbations sur le r\u00e9seau<\/div>\n<div dir=\"auto\"><\/div>\n<\/div>\n<div class=\"x11i5rnm xat24cr x1mh8g0r x1vvkbs xtlvy1s x126k92a\" style=\"margin: 0.5em 0px 0px; overflow-wrap: break-word; white-space: pre-wrap; animation-name: none !important; transition-property: none !important; font-family: 'Segoe UI Historic', 'Segoe UI', Helvetica, Arial, sans-serif; color: #050505; font-size: 15px; font-style: normal; font-variant-ligatures: normal; font-variant-caps: normal; font-weight: 400; letter-spacing: normal; orphans: 2; text-align: left; text-indent: 0px; text-transform: none; widows: 2; word-spacing: 0px; -webkit-text-stroke-width: 0px; background-color: #ffffff; text-decoration-thickness: initial; text-decoration-style: initial; text-decoration-color: initial;\">\n<div dir=\"auto\" style=\"animation-name: none !important; transition-property: none !important; font-family: inherit; text-align: center;\">Plus d&rsquo;info <span class=\"x3nfvp2 x1j61x8r x1fcty0u xdj266r xhhsvwb xat24cr xgzva0m xxymvpz xlup9mm x1kky2od\" style=\"margin: 0px 1px; height: 16px; font-weight: normal; font-style: normal; display: inline-flex; vertical-align: middle; width: 16px; animation-name: none !important; transition-property: none !important; font-family: inherit;\"><img loading=\"lazy\" decoding=\"async\" class=\"xz74otr\" style=\"border: 0px; object-fit: fill; animation-name: none !important; transition-property: none !important;\" src=\"https:\/\/static.xx.fbcdn.net\/images\/emoji.php\/v9\/t4f\/1\/16\/1f447.png\" alt=\"&#x1f447;\" width=\"16\" height=\"16\" \/><\/span><span class=\"x3nfvp2 x1j61x8r x1fcty0u xdj266r xhhsvwb xat24cr xgzva0m xxymvpz xlup9mm x1kky2od\" style=\"margin: 0px 1px; height: 16px; font-weight: normal; font-style: normal; display: inline-flex; vertical-align: middle; width: 16px; animation-name: none !important; transition-property: none !important; font-family: inherit;\"><img loading=\"lazy\" decoding=\"async\" class=\"xz74otr\" style=\"border: 0px; object-fit: fill; animation-name: none !important; transition-property: none !important;\" src=\"https:\/\/static.xx.fbcdn.net\/images\/emoji.php\/v9\/t4f\/1\/16\/1f447.png\" alt=\"&#x1f447;\" width=\"16\" height=\"16\" \/><\/span><\/div>\n<\/div>\n<p><a href=\"https:\/\/www.lembach.fr\/mairie\/wp-content\/uploads\/2024\/01\/Communique-DECI-Lembach.jpg\"><img loading=\"lazy\" decoding=\"async\" class=\"size-full wp-image-7806 aligncenter\" src=\"https:\/\/www.lembach.fr\/mairie\/wp-content\/uploads\/2024\/01\/Communique-DECI-Lembach.jpg\" alt=\"\" width=\"560\" height=\"795\" srcset=\"https:\/\/www.lembach.fr\/mairie\/wp-content\/uploads\/2024\/01\/Communique-DECI-Lembach.jpg 560w, https:\/\/www.lembach.fr\/mairie\/wp-content\/uploads\/2024\/01\/Communique-DECI-Lembach-211x300.jpg 211w\" sizes=\"auto, (max-width: 560px) 100vw, 560px\" \/><\/a><\/p>\n<p>&nbsp;<\/p>\n<p>&nbsp;<\/p>\n<p>&nbsp;<\/p>\n<p>&nbsp;<\/p>\n<p>&nbsp;<\/p>\n<p>&nbsp;<\/p>\n","protected":false},"excerpt":{"rendered":"<p>INFO SDEA : Des essais de pression et de d\u00e9bit seront effectu\u00e9s sur le parc d&rsquo;\u00e9quipements incendie de la commune entre le 31 janvier au 2 f\u00e9vrier, ce qui pourra entrainer quelques perturbations sur le r\u00e9seau Plus d&rsquo;info &nbsp; &nbsp; &nbsp; &nbsp; &nbsp; &nbsp;<\/p>\n","protected":false},"author":5,"featured_media":0,"comment_status":"closed","ping_status":"closed","sticky":false,"template":"","format":"standard","meta":{"footnotes":""},"categories":[12],"tags":[],"class_list":["post-7807","post","type-post","status-publish","format-standard","hentry","category-informations","item-wrap"],"_links":{"self":[{"href":"https:\/\/www.lembach.fr\/mairie\/wp-json\/wp\/v2\/posts\/7807","targetHints":{"allow":["GET"]}}],"collection":[{"href":"https:\/\/www.lembach.fr\/mairie\/wp-json\/wp\/v2\/posts"}],"about":[{"href":"https:\/\/www.lembach.fr\/mairie\/wp-json\/wp\/v2\/types\/post"}],"author":[{"embeddable":true,"href":"https:\/\/www.lembach.fr\/mairie\/wp-json\/wp\/v2\/users\/5"}],"replies":[{"embeddable":true,"href":"https:\/\/www.lembach.fr\/mairie\/wp-json\/wp\/v2\/comments?post=7807"}],"version-history":[{"count":2,"href":"https:\/\/www.lembach.fr\/mairie\/wp-json\/wp\/v2\/posts\/7807\/revisions"}],"predecessor-version":[{"id":7809,"href":"https:\/\/www.lembach.fr\/mairie\/wp-json\/wp\/v2\/posts\/7807\/revisions\/7809"}],"wp:attachment":[{"href":"https:\/\/www.lembach.fr\/mairie\/wp-json\/wp\/v2\/media?parent=7807"}],"wp:term":[{"taxonomy":"category","embeddable":true,"href":"https:\/\/www.lembach.fr\/mairie\/wp-json\/wp\/v2\/categories?post=7807"},{"taxonomy":"post_tag","embeddable":true,"href":"https:\/\/www.lembach.fr\/mairie\/wp-json\/wp\/v2\/tags?post=7807"}],"curies":[{"name":"wp","href":"https:\/\/api.w.org\/{rel}","templated":true}]}}