{"id":7796,"date":"2024-01-12T11:13:42","date_gmt":"2024-01-12T10:13:42","guid":{"rendered":"https:\/\/www.lembach.fr\/mairie\/?p=7796"},"modified":"2024-01-12T11:13:44","modified_gmt":"2024-01-12T10:13:44","slug":"kaffekrenzel-des-aidants","status":"publish","type":"post","link":"https:\/\/www.lembach.fr\/mairie\/2024\/01\/12\/kaffekrenzel-des-aidants\/","title":{"rendered":"Kaffekrenzel des aidants"},"content":{"rendered":"<div class=\"xdj266r x11i5rnm xat24cr x1mh8g0r x1vvkbs x126k92a\">\n<h4 dir=\"auto\" style=\"text-align: center;\">Comme chaque mois, un moment de convivialit\u00e9 et d\u2019\u00e9change \u00e0 destination des aidants :<\/h4>\n<h4 dir=\"auto\" style=\"text-align: center;\">Le <strong>KAFFEKRENZEL<\/strong> DES AIDANTS<\/h4>\n<h4 dir=\"auto\" style=\"text-align: center;\"><strong>Le jeudi 25 janvier 2024 \u00e0 14h<\/strong> \u00e0 la salle communale d\u2019Obersteinbach<\/h4>\n<h4 dir=\"auto\"><\/h4>\n<\/div>\n<div class=\"x11i5rnm xat24cr x1mh8g0r x1vvkbs xtlvy1s x126k92a\">\n<div dir=\"auto\"><em>Mais un aidant c\u2019est quoi ? toute personne qui aide un proche, de mani\u00e8re r\u00e9guli\u00e8re et fr\u00e9quente, \u00e0 titre non professionnel, pour accomplir tout ou partie des actes ou des activit\u00e9s de la vie quotidienne d\u2019une personne en perte d\u2019autonomie, du fait de l\u2019\u00e2ge, de la maladie ou d\u2019un handicap. Vous vous reconnaissez dans cette d\u00e9finition ? alors venez partager un caf\u00e9 avec nous !<\/em><\/div>\n<\/div>\n<div dir=\"auto\"><a href=\"https:\/\/www.lembach.fr\/mairie\/wp-content\/uploads\/2024\/01\/Capture-decran-2024-01-12-105902-1.jpg\"><img loading=\"lazy\" decoding=\"async\" class=\"alignnone size-full wp-image-7797\" src=\"https:\/\/www.lembach.fr\/mairie\/wp-content\/uploads\/2024\/01\/Capture-decran-2024-01-12-105902-1.jpg\" alt=\"\" width=\"680\" height=\"957\" srcset=\"https:\/\/www.lembach.fr\/mairie\/wp-content\/uploads\/2024\/01\/Capture-decran-2024-01-12-105902-1.jpg 680w, https:\/\/www.lembach.fr\/mairie\/wp-content\/uploads\/2024\/01\/Capture-decran-2024-01-12-105902-1-213x300.jpg 213w\" sizes=\"auto, (max-width: 680px) 100vw, 680px\" \/><\/a><\/div>\n","protected":false},"excerpt":{"rendered":"<p>Comme chaque mois, un moment de convivialit\u00e9 et d\u2019\u00e9change \u00e0 destination des aidants : Le KAFFEKRENZEL DES AIDANTS Le jeudi 25 janvier 2024 \u00e0 14h \u00e0 la salle communale d\u2019Obersteinbach Mais un aidant c\u2019est quoi ? toute personne qui aide un proche, de mani\u00e8re r\u00e9guli\u00e8re et fr\u00e9quente, \u00e0 titre non professionnel, pour accomplir tout ou &hellip; <\/p>\n<p><a class=\"more-link btn\" href=\"https:\/\/www.lembach.fr\/mairie\/2024\/01\/12\/kaffekrenzel-des-aidants\/\">Lire la suite<\/a><\/p>\n","protected":false},"author":5,"featured_media":0,"comment_status":"closed","ping_status":"closed","sticky":false,"template":"","format":"standard","meta":{"footnotes":""},"categories":[12],"tags":[],"class_list":["post-7796","post","type-post","status-publish","format-standard","hentry","category-informations","item-wrap"],"_links":{"self":[{"href":"https:\/\/www.lembach.fr\/mairie\/wp-json\/wp\/v2\/posts\/7796","targetHints":{"allow":["GET"]}}],"collection":[{"href":"https:\/\/www.lembach.fr\/mairie\/wp-json\/wp\/v2\/posts"}],"about":[{"href":"https:\/\/www.lembach.fr\/mairie\/wp-json\/wp\/v2\/types\/post"}],"author":[{"embeddable":true,"href":"https:\/\/www.lembach.fr\/mairie\/wp-json\/wp\/v2\/users\/5"}],"replies":[{"embeddable":true,"href":"https:\/\/www.lembach.fr\/mairie\/wp-json\/wp\/v2\/comments?post=7796"}],"version-history":[{"count":1,"href":"https:\/\/www.lembach.fr\/mairie\/wp-json\/wp\/v2\/posts\/7796\/revisions"}],"predecessor-version":[{"id":7798,"href":"https:\/\/www.lembach.fr\/mairie\/wp-json\/wp\/v2\/posts\/7796\/revisions\/7798"}],"wp:attachment":[{"href":"https:\/\/www.lembach.fr\/mairie\/wp-json\/wp\/v2\/media?parent=7796"}],"wp:term":[{"taxonomy":"category","embeddable":true,"href":"https:\/\/www.lembach.fr\/mairie\/wp-json\/wp\/v2\/categories?post=7796"},{"taxonomy":"post_tag","embeddable":true,"href":"https:\/\/www.lembach.fr\/mairie\/wp-json\/wp\/v2\/tags?post=7796"}],"curies":[{"name":"wp","href":"https:\/\/api.w.org\/{rel}","templated":true}]}}