{"id":7770,"date":"2023-12-14T16:42:10","date_gmt":"2023-12-14T15:42:10","guid":{"rendered":"https:\/\/www.lembach.fr\/mairie\/?p=7770"},"modified":"2024-04-22T14:27:50","modified_gmt":"2024-04-22T12:27:50","slug":"fete-de-noel-du-flecken-23-decembre","status":"publish","type":"post","link":"https:\/\/www.lembach.fr\/mairie\/2023\/12\/14\/fete-de-noel-du-flecken-23-decembre\/","title":{"rendered":"F\u00eate de No\u00ebl du Flecken &#8211; 23 d\u00e9cembre"},"content":{"rendered":"<p><a href=\"https:\/\/www.lembach.fr\/mairie\/wp-content\/uploads\/2023\/12\/Capture-decran-2023-12-14-161254.png\"><img loading=\"lazy\" decoding=\"async\" class=\"alignnone wp-image-7772\" src=\"https:\/\/www.lembach.fr\/mairie\/wp-content\/uploads\/2023\/12\/Capture-decran-2023-12-14-161254.png\" alt=\"\" width=\"562\" height=\"757\" srcset=\"https:\/\/www.lembach.fr\/mairie\/wp-content\/uploads\/2023\/12\/Capture-decran-2023-12-14-161254.png 624w, https:\/\/www.lembach.fr\/mairie\/wp-content\/uploads\/2023\/12\/Capture-decran-2023-12-14-161254-223x300.png 223w\" sizes=\"auto, (max-width: 562px) 100vw, 562px\" \/><\/a><\/p>\n","protected":false},"excerpt":{"rendered":"","protected":false},"author":5,"featured_media":0,"comment_status":"closed","ping_status":"closed","sticky":false,"template":"","format":"standard","meta":{"footnotes":""},"categories":[7],"tags":[],"class_list":["post-7770","post","type-post","status-publish","format-standard","hentry","category-manifestations","item-wrap"],"_links":{"self":[{"href":"https:\/\/www.lembach.fr\/mairie\/wp-json\/wp\/v2\/posts\/7770","targetHints":{"allow":["GET"]}}],"collection":[{"href":"https:\/\/www.lembach.fr\/mairie\/wp-json\/wp\/v2\/posts"}],"about":[{"href":"https:\/\/www.lembach.fr\/mairie\/wp-json\/wp\/v2\/types\/post"}],"author":[{"embeddable":true,"href":"https:\/\/www.lembach.fr\/mairie\/wp-json\/wp\/v2\/users\/5"}],"replies":[{"embeddable":true,"href":"https:\/\/www.lembach.fr\/mairie\/wp-json\/wp\/v2\/comments?post=7770"}],"version-history":[{"count":3,"href":"https:\/\/www.lembach.fr\/mairie\/wp-json\/wp\/v2\/posts\/7770\/revisions"}],"predecessor-version":[{"id":7774,"href":"https:\/\/www.lembach.fr\/mairie\/wp-json\/wp\/v2\/posts\/7770\/revisions\/7774"}],"wp:attachment":[{"href":"https:\/\/www.lembach.fr\/mairie\/wp-json\/wp\/v2\/media?parent=7770"}],"wp:term":[{"taxonomy":"category","embeddable":true,"href":"https:\/\/www.lembach.fr\/mairie\/wp-json\/wp\/v2\/categories?post=7770"},{"taxonomy":"post_tag","embeddable":true,"href":"https:\/\/www.lembach.fr\/mairie\/wp-json\/wp\/v2\/tags?post=7770"}],"curies":[{"name":"wp","href":"https:\/\/api.w.org\/{rel}","templated":true}]}}