{"id":7441,"date":"2022-09-24T11:25:38","date_gmt":"2022-09-24T09:25:38","guid":{"rendered":"https:\/\/www.lembach.fr\/mairie\/?p=7441"},"modified":"2022-09-24T11:25:38","modified_gmt":"2022-09-24T09:25:38","slug":"arrete-municipal-temporaire-retrecissement-de-la-chaussee-mattstall","status":"publish","type":"post","link":"https:\/\/www.lembach.fr\/mairie\/2022\/09\/24\/arrete-municipal-temporaire-retrecissement-de-la-chaussee-mattstall\/","title":{"rendered":"Arr\u00eat\u00e9 municipal temporaire &#8211; r\u00e9tr\u00e9cissement de la chauss\u00e9e Mattstall"},"content":{"rendered":"<h4 style=\"text-align: center;\"><span class=\"fxk3tzhb b2rh1bv3 gh55jysx m8h3af8h ewco64xe kjdc1dyq ms56khn7 bq6c9xl4 eohcrkr5 akh3l2rg\"><img loading=\"lazy\" decoding=\"async\" src=\"https:\/\/static.xx.fbcdn.net\/images\/emoji.php\/v9\/t8e\/1\/16\/2139.png\" alt=\"&#x2139;&#xfe0f;\" width=\"16\" height=\"16\" \/><\/span> INFO COMMUNE <span class=\"fxk3tzhb b2rh1bv3 gh55jysx m8h3af8h ewco64xe kjdc1dyq ms56khn7 bq6c9xl4 eohcrkr5 akh3l2rg\"><img loading=\"lazy\" decoding=\"async\" src=\"https:\/\/static.xx.fbcdn.net\/images\/emoji.php\/v9\/t8e\/1\/16\/2139.png\" alt=\"&#x2139;&#xfe0f;\" width=\"16\" height=\"16\" \/><\/span><\/h4>\n<p>&nbsp;<\/p>\n<p>Mattstall : la circulation sera perturb\u00e9e et le stationnement interdit sur la route principale, en raison de travaux de nettoyage et de jointage de pav\u00e9s, du lundi 26 septembre au vendredi 30 septembre 2022<\/p>\n<p>&nbsp;<\/p>\n<p><a href=\"https:\/\/www.lembach.fr\/mairie\/wp-content\/uploads\/2022\/09\/20220923.1.jpg\"><img loading=\"lazy\" decoding=\"async\" class=\"alignnone size-full wp-image-7438\" src=\"https:\/\/www.lembach.fr\/mairie\/wp-content\/uploads\/2022\/09\/20220923.1.jpg\" alt=\"\" width=\"576\" height=\"795\" srcset=\"https:\/\/www.lembach.fr\/mairie\/wp-content\/uploads\/2022\/09\/20220923.1.jpg 576w, https:\/\/www.lembach.fr\/mairie\/wp-content\/uploads\/2022\/09\/20220923.1-217x300.jpg 217w\" sizes=\"auto, (max-width: 576px) 100vw, 576px\" \/><\/a><a href=\"https:\/\/www.lembach.fr\/mairie\/wp-content\/uploads\/2022\/09\/20220923.1.1.jpg\"><img loading=\"lazy\" decoding=\"async\" class=\"alignnone size-full wp-image-7437\" src=\"https:\/\/www.lembach.fr\/mairie\/wp-content\/uploads\/2022\/09\/20220923.1.1.jpg\" alt=\"\" width=\"576\" height=\"762\" srcset=\"https:\/\/www.lembach.fr\/mairie\/wp-content\/uploads\/2022\/09\/20220923.1.1.jpg 576w, https:\/\/www.lembach.fr\/mairie\/wp-content\/uploads\/2022\/09\/20220923.1.1-227x300.jpg 227w\" sizes=\"auto, (max-width: 576px) 100vw, 576px\" \/><\/a><\/p>\n<p>&nbsp;<\/p>\n","protected":false},"excerpt":{"rendered":"<p>INFO COMMUNE &nbsp; Mattstall : la circulation sera perturb\u00e9e et le stationnement interdit sur la route principale, en raison de travaux de nettoyage et de jointage de pav\u00e9s, du lundi 26 septembre au vendredi 30 septembre 2022 &nbsp; &nbsp;<\/p>\n","protected":false},"author":5,"featured_media":0,"comment_status":"closed","ping_status":"closed","sticky":false,"template":"","format":"standard","meta":{"footnotes":""},"categories":[12,25],"tags":[],"class_list":["post-7441","post","type-post","status-publish","format-standard","hentry","category-informations","category-urbanisme","item-wrap"],"_links":{"self":[{"href":"https:\/\/www.lembach.fr\/mairie\/wp-json\/wp\/v2\/posts\/7441","targetHints":{"allow":["GET"]}}],"collection":[{"href":"https:\/\/www.lembach.fr\/mairie\/wp-json\/wp\/v2\/posts"}],"about":[{"href":"https:\/\/www.lembach.fr\/mairie\/wp-json\/wp\/v2\/types\/post"}],"author":[{"embeddable":true,"href":"https:\/\/www.lembach.fr\/mairie\/wp-json\/wp\/v2\/users\/5"}],"replies":[{"embeddable":true,"href":"https:\/\/www.lembach.fr\/mairie\/wp-json\/wp\/v2\/comments?post=7441"}],"version-history":[{"count":0,"href":"https:\/\/www.lembach.fr\/mairie\/wp-json\/wp\/v2\/posts\/7441\/revisions"}],"wp:attachment":[{"href":"https:\/\/www.lembach.fr\/mairie\/wp-json\/wp\/v2\/media?parent=7441"}],"wp:term":[{"taxonomy":"category","embeddable":true,"href":"https:\/\/www.lembach.fr\/mairie\/wp-json\/wp\/v2\/categories?post=7441"},{"taxonomy":"post_tag","embeddable":true,"href":"https:\/\/www.lembach.fr\/mairie\/wp-json\/wp\/v2\/tags?post=7441"}],"curies":[{"name":"wp","href":"https:\/\/api.w.org\/{rel}","templated":true}]}}