{"id":7415,"date":"2022-09-12T10:57:52","date_gmt":"2022-09-12T08:57:52","guid":{"rendered":"https:\/\/www.lembach.fr\/mairie\/?p=7415"},"modified":"2022-09-12T10:57:52","modified_gmt":"2022-09-12T08:57:52","slug":"arrete-temporaire-portant-reglementation-de-la-circulation-climbach-rott-wissembourg-lembach","status":"publish","type":"post","link":"https:\/\/www.lembach.fr\/mairie\/2022\/09\/12\/arrete-temporaire-portant-reglementation-de-la-circulation-climbach-rott-wissembourg-lembach\/","title":{"rendered":"Arr\u00eat\u00e9 temporaire portant r\u00e9glementation de la circulation &#8211; Climbach, Rott, Wissembourg, Lembach"},"content":{"rendered":"<h4 style=\"text-align: center;\"><span id=\"fbPhotoSnowliftCaption\" class=\"fbPhotosPhotoCaption\" tabindex=\"0\" aria-live=\"polite\" data-ft=\"{&quot;tn&quot;:&quot;K&quot;}\"><span class=\"hasCaption\"><span class=\"_5mfr\"><span class=\"_6qdm\">&#x2139;&#xfe0f;<\/span><\/span>\u00a0INFO CIRCULATION\u00a0<span class=\"_5mfr\"><span class=\"_6qdm\">&#x2139;&#xfe0f;<\/span><\/span> <\/span><\/span><\/h4>\n<p style=\"text-align: center;\"><span id=\"fbPhotoSnowliftCaption\" class=\"fbPhotosPhotoCaption\" tabindex=\"0\" aria-live=\"polite\" data-ft=\"{&quot;tn&quot;:&quot;K&quot;}\"><span class=\"hasCaption\">A compter du lundi 12 septembre 2022 et jusqu&rsquo;au jeudi 15 septembre 2022 inclus, sur la D3 du PR15+385 au PR19+850, la circulation est interdite \u00e0 tous les v\u00e9hicules, dans les deux sens de circulation, communes de CLIMBACH, ROTT, WISSEMBOURG et de LEMBACH, hors agglom\u00e9ration. Cette disposition est applicable de jour comme de nuit. Une d\u00e9viation sera mise en place pour tous les v\u00e9hicules, dans les deux sens de circulation par les D3, D503, via les communes de CLIMBACH, WINGEN et de LEMBACH. <span class=\"_5mfr\"><span class=\"_6qdm\">&#x1f6a7;<\/span><\/span><\/span><\/span><\/p>\n<p><a href=\"https:\/\/www.lembach.fr\/mairie\/wp-content\/uploads\/2022\/09\/2022_08_30_Arrete_Circulation_2022-0295.pdf\" target=\"_blank\" rel=\"noopener\"><img loading=\"lazy\" decoding=\"async\" class=\"size-full wp-image-7413 aligncenter\" src=\"https:\/\/www.lembach.fr\/mairie\/wp-content\/uploads\/2022\/09\/lien-arrete.jpg\" alt=\"\" width=\"721\" height=\"454\" srcset=\"https:\/\/www.lembach.fr\/mairie\/wp-content\/uploads\/2022\/09\/lien-arrete.jpg 721w, https:\/\/www.lembach.fr\/mairie\/wp-content\/uploads\/2022\/09\/lien-arrete-300x189.jpg 300w\" sizes=\"auto, (max-width: 721px) 100vw, 721px\" \/><\/a><a href=\"https:\/\/www.lembach.fr\/mairie\/wp-content\/uploads\/2022\/09\/Plan-RD3.png\"><img loading=\"lazy\" decoding=\"async\" class=\"size-full wp-image-7419 aligncenter\" src=\"https:\/\/www.lembach.fr\/mairie\/wp-content\/uploads\/2022\/09\/Plan-RD3.png\" alt=\"\" width=\"800\" height=\"600\" srcset=\"https:\/\/www.lembach.fr\/mairie\/wp-content\/uploads\/2022\/09\/Plan-RD3.png 800w, https:\/\/www.lembach.fr\/mairie\/wp-content\/uploads\/2022\/09\/Plan-RD3-300x225.png 300w, https:\/\/www.lembach.fr\/mairie\/wp-content\/uploads\/2022\/09\/Plan-RD3-768x576.png 768w\" sizes=\"auto, (max-width: 800px) 100vw, 800px\" \/><\/a><\/p>\n<p>&nbsp;<\/p>\n<p>&nbsp;<\/p>\n<p>&nbsp;<\/p>\n<p>&nbsp;<\/p>\n<div id=\"fbPhotoSnowliftLegacyTagList\" class=\"pts fbPhotoLegacyTagList\" style=\"text-align: center;\">\n<div><\/div>\n<\/div>\n<div id=\"fbPhotoSnowliftCallToActionButton\" class=\"fbPhotosPhotoButtons\" style=\"text-align: center;\"><\/div>\n<div id=\"fbPhotoSnowliftPhotoFundraiser\"><\/div>\n<div id=\"fbPhotoSnowliftOwnerButtons\" class=\"mvm fbPhotosPhotoOwnerButtons stat_elem\">\n<div id=\"photosTruncatingUIButtonGroup\" class=\"_51xa _3-8m _3-90\"><\/div>\n<\/div>\n","protected":false},"excerpt":{"rendered":"<p>&#x2139;&#xfe0f;\u00a0INFO CIRCULATION\u00a0&#x2139;&#xfe0f; A compter du lundi 12 septembre 2022 et jusqu&rsquo;au jeudi 15 septembre 2022 inclus, sur la D3 du PR15+385 au PR19+850, la circulation est interdite \u00e0 tous les v\u00e9hicules, dans les deux sens de circulation, communes de CLIMBACH, ROTT, WISSEMBOURG et de LEMBACH, hors agglom\u00e9ration. Cette disposition est applicable de jour comme de &hellip; <\/p>\n<p><a class=\"more-link btn\" href=\"https:\/\/www.lembach.fr\/mairie\/2022\/09\/12\/arrete-temporaire-portant-reglementation-de-la-circulation-climbach-rott-wissembourg-lembach\/\">Lire la suite<\/a><\/p>\n","protected":false},"author":5,"featured_media":0,"comment_status":"closed","ping_status":"closed","sticky":false,"template":"","format":"standard","meta":{"footnotes":""},"categories":[12],"tags":[],"class_list":["post-7415","post","type-post","status-publish","format-standard","hentry","category-informations","item-wrap"],"_links":{"self":[{"href":"https:\/\/www.lembach.fr\/mairie\/wp-json\/wp\/v2\/posts\/7415","targetHints":{"allow":["GET"]}}],"collection":[{"href":"https:\/\/www.lembach.fr\/mairie\/wp-json\/wp\/v2\/posts"}],"about":[{"href":"https:\/\/www.lembach.fr\/mairie\/wp-json\/wp\/v2\/types\/post"}],"author":[{"embeddable":true,"href":"https:\/\/www.lembach.fr\/mairie\/wp-json\/wp\/v2\/users\/5"}],"replies":[{"embeddable":true,"href":"https:\/\/www.lembach.fr\/mairie\/wp-json\/wp\/v2\/comments?post=7415"}],"version-history":[{"count":0,"href":"https:\/\/www.lembach.fr\/mairie\/wp-json\/wp\/v2\/posts\/7415\/revisions"}],"wp:attachment":[{"href":"https:\/\/www.lembach.fr\/mairie\/wp-json\/wp\/v2\/media?parent=7415"}],"wp:term":[{"taxonomy":"category","embeddable":true,"href":"https:\/\/www.lembach.fr\/mairie\/wp-json\/wp\/v2\/categories?post=7415"},{"taxonomy":"post_tag","embeddable":true,"href":"https:\/\/www.lembach.fr\/mairie\/wp-json\/wp\/v2\/tags?post=7415"}],"curies":[{"name":"wp","href":"https:\/\/api.w.org\/{rel}","templated":true}]}}