{"id":7353,"date":"2022-08-06T10:39:38","date_gmt":"2022-08-06T08:39:38","guid":{"rendered":"https:\/\/www.lembach.fr\/mairie\/?p=7353"},"modified":"2022-08-06T10:49:56","modified_gmt":"2022-08-06T08:49:56","slug":"arrete-portant-reglementation-de-lemploi-du-feu-et-des-feux-dartifice-3-aout-2022","status":"publish","type":"post","link":"https:\/\/www.lembach.fr\/mairie\/2022\/08\/06\/arrete-portant-reglementation-de-lemploi-du-feu-et-des-feux-dartifice-3-aout-2022\/","title":{"rendered":"Arr\u00eat\u00e9 pr\u00e9fectoral portant r\u00e9glementation de l&#8217;emploi du feu et des feux d&rsquo;artifices &#8211; 3 ao\u00fbt 2022"},"content":{"rendered":"<p><a href=\"https:\/\/www.lembach.fr\/mairie\/wp-content\/uploads\/2022\/08\/20220803_AP_feux_artifice.pdf\" target=\"_blank\" rel=\"noopener\"><img loading=\"lazy\" decoding=\"async\" class=\"size-full wp-image-7352 aligncenter\" src=\"https:\/\/www.lembach.fr\/mairie\/wp-content\/uploads\/2022\/08\/lien-arrete-feu-feu-dartifice.jpg\" alt=\"\" width=\"949\" height=\"445\" srcset=\"https:\/\/www.lembach.fr\/mairie\/wp-content\/uploads\/2022\/08\/lien-arrete-feu-feu-dartifice.jpg 949w, https:\/\/www.lembach.fr\/mairie\/wp-content\/uploads\/2022\/08\/lien-arrete-feu-feu-dartifice-300x141.jpg 300w, https:\/\/www.lembach.fr\/mairie\/wp-content\/uploads\/2022\/08\/lien-arrete-feu-feu-dartifice-768x360.jpg 768w, https:\/\/www.lembach.fr\/mairie\/wp-content\/uploads\/2022\/08\/lien-arrete-feu-feu-dartifice-847x397.jpg 847w\" sizes=\"auto, (max-width: 949px) 100vw, 949px\" \/><\/a><\/p>\n","protected":false},"excerpt":{"rendered":"","protected":false},"author":5,"featured_media":0,"comment_status":"closed","ping_status":"closed","sticky":false,"template":"","format":"standard","meta":{"footnotes":""},"categories":[14,12],"tags":[],"class_list":["post-7353","post","type-post","status-publish","format-standard","hentry","category-administratif","category-informations","item-wrap"],"_links":{"self":[{"href":"https:\/\/www.lembach.fr\/mairie\/wp-json\/wp\/v2\/posts\/7353","targetHints":{"allow":["GET"]}}],"collection":[{"href":"https:\/\/www.lembach.fr\/mairie\/wp-json\/wp\/v2\/posts"}],"about":[{"href":"https:\/\/www.lembach.fr\/mairie\/wp-json\/wp\/v2\/types\/post"}],"author":[{"embeddable":true,"href":"https:\/\/www.lembach.fr\/mairie\/wp-json\/wp\/v2\/users\/5"}],"replies":[{"embeddable":true,"href":"https:\/\/www.lembach.fr\/mairie\/wp-json\/wp\/v2\/comments?post=7353"}],"version-history":[{"count":0,"href":"https:\/\/www.lembach.fr\/mairie\/wp-json\/wp\/v2\/posts\/7353\/revisions"}],"wp:attachment":[{"href":"https:\/\/www.lembach.fr\/mairie\/wp-json\/wp\/v2\/media?parent=7353"}],"wp:term":[{"taxonomy":"category","embeddable":true,"href":"https:\/\/www.lembach.fr\/mairie\/wp-json\/wp\/v2\/categories?post=7353"},{"taxonomy":"post_tag","embeddable":true,"href":"https:\/\/www.lembach.fr\/mairie\/wp-json\/wp\/v2\/tags?post=7353"}],"curies":[{"name":"wp","href":"https:\/\/api.w.org\/{rel}","templated":true}]}}