{"id":7341,"date":"2022-07-23T08:54:39","date_gmt":"2022-07-23T06:54:39","guid":{"rendered":"https:\/\/www.lembach.fr\/mairie\/?p=7341"},"modified":"2022-07-23T08:54:39","modified_gmt":"2022-07-23T06:54:39","slug":"arrete-municipal-temporaire-portant-reglementation-de-lemploi-du-feu","status":"publish","type":"post","link":"https:\/\/www.lembach.fr\/mairie\/2022\/07\/23\/arrete-municipal-temporaire-portant-reglementation-de-lemploi-du-feu\/","title":{"rendered":"Arr\u00eat\u00e9 municipal temporaire portant r\u00e8glementation de l&#8217;emploi du feu"},"content":{"rendered":"<p><a href=\"https:\/\/www.lembach.fr\/mairie\/wp-content\/uploads\/2022\/07\/2022_07_23_ARRETE_MUNICIPAL_TEMPORAIRE_EMPLOI_DU_FEU_page-0001.jpg\"><img loading=\"lazy\" decoding=\"async\" class=\"alignnone size-medium wp-image-7342\" src=\"https:\/\/www.lembach.fr\/mairie\/wp-content\/uploads\/2022\/07\/2022_07_23_ARRETE_MUNICIPAL_TEMPORAIRE_EMPLOI_DU_FEU_page-0001-212x300.jpg\" alt=\"\" width=\"212\" height=\"300\" srcset=\"https:\/\/www.lembach.fr\/mairie\/wp-content\/uploads\/2022\/07\/2022_07_23_ARRETE_MUNICIPAL_TEMPORAIRE_EMPLOI_DU_FEU_page-0001-212x300.jpg 212w, https:\/\/www.lembach.fr\/mairie\/wp-content\/uploads\/2022\/07\/2022_07_23_ARRETE_MUNICIPAL_TEMPORAIRE_EMPLOI_DU_FEU_page-0001-724x1024.jpg 724w, https:\/\/www.lembach.fr\/mairie\/wp-content\/uploads\/2022\/07\/2022_07_23_ARRETE_MUNICIPAL_TEMPORAIRE_EMPLOI_DU_FEU_page-0001-768x1086.jpg 768w, https:\/\/www.lembach.fr\/mairie\/wp-content\/uploads\/2022\/07\/2022_07_23_ARRETE_MUNICIPAL_TEMPORAIRE_EMPLOI_DU_FEU_page-0001-1086x1536.jpg 1086w, https:\/\/www.lembach.fr\/mairie\/wp-content\/uploads\/2022\/07\/2022_07_23_ARRETE_MUNICIPAL_TEMPORAIRE_EMPLOI_DU_FEU_page-0001-847x1198.jpg 847w, https:\/\/www.lembach.fr\/mairie\/wp-content\/uploads\/2022\/07\/2022_07_23_ARRETE_MUNICIPAL_TEMPORAIRE_EMPLOI_DU_FEU_page-0001.jpg 1240w\" sizes=\"auto, (max-width: 212px) 100vw, 212px\" \/><\/a><\/p>\n","protected":false},"excerpt":{"rendered":"","protected":false},"author":1,"featured_media":0,"comment_status":"closed","ping_status":"closed","sticky":false,"template":"","format":"standard","meta":{"footnotes":""},"categories":[6,14,7],"tags":[],"class_list":["post-7341","post","type-post","status-publish","format-standard","hentry","category-activites","category-administratif","category-manifestations","item-wrap"],"_links":{"self":[{"href":"https:\/\/www.lembach.fr\/mairie\/wp-json\/wp\/v2\/posts\/7341","targetHints":{"allow":["GET"]}}],"collection":[{"href":"https:\/\/www.lembach.fr\/mairie\/wp-json\/wp\/v2\/posts"}],"about":[{"href":"https:\/\/www.lembach.fr\/mairie\/wp-json\/wp\/v2\/types\/post"}],"author":[{"embeddable":true,"href":"https:\/\/www.lembach.fr\/mairie\/wp-json\/wp\/v2\/users\/1"}],"replies":[{"embeddable":true,"href":"https:\/\/www.lembach.fr\/mairie\/wp-json\/wp\/v2\/comments?post=7341"}],"version-history":[{"count":0,"href":"https:\/\/www.lembach.fr\/mairie\/wp-json\/wp\/v2\/posts\/7341\/revisions"}],"wp:attachment":[{"href":"https:\/\/www.lembach.fr\/mairie\/wp-json\/wp\/v2\/media?parent=7341"}],"wp:term":[{"taxonomy":"category","embeddable":true,"href":"https:\/\/www.lembach.fr\/mairie\/wp-json\/wp\/v2\/categories?post=7341"},{"taxonomy":"post_tag","embeddable":true,"href":"https:\/\/www.lembach.fr\/mairie\/wp-json\/wp\/v2\/tags?post=7341"}],"curies":[{"name":"wp","href":"https:\/\/api.w.org\/{rel}","templated":true}]}}