{"id":7298,"date":"2022-07-07T10:56:55","date_gmt":"2022-07-07T08:56:55","guid":{"rendered":"https:\/\/www.lembach.fr\/mairie\/?p=7298"},"modified":"2022-07-07T10:57:39","modified_gmt":"2022-07-07T08:57:39","slug":"projection-la-chambre-douze","status":"publish","type":"post","link":"https:\/\/www.lembach.fr\/mairie\/2022\/07\/07\/projection-la-chambre-douze\/","title":{"rendered":"Projection : \u00ab\u00a0La chambre douze\u00a0\u00bb"},"content":{"rendered":"<p style=\"text-align: center;\"><img loading=\"lazy\" decoding=\"async\" class=\"aligncenter size-full wp-image-7302\" src=\"https:\/\/www.lembach.fr\/mairie\/wp-content\/uploads\/2022\/07\/film_la_chambre_douze.jpg\" alt=\"\" width=\"500\" height=\"765\" srcset=\"https:\/\/www.lembach.fr\/mairie\/wp-content\/uploads\/2022\/07\/film_la_chambre_douze.jpg 500w, https:\/\/www.lembach.fr\/mairie\/wp-content\/uploads\/2022\/07\/film_la_chambre_douze-196x300.jpg 196w\" sizes=\"auto, (max-width: 500px) 100vw, 500px\" \/><\/p>\n<p style=\"text-align: center;\"><span style=\"text-decoration: underline;\"><strong>Synopsis<\/strong><\/span> :<\/p>\n<p>Pauline Walter est pr\u00e9paratrice en pharmacie \u00e0 Seinbach, petit village de l&rsquo;Aberthal. Elle apporte des vivres dans le maquis, avec son amie Constance. Le Commandant ANDRE est parachut\u00e9 de Londres pour prendre la t\u00eate du r\u00e9seau Cam\u00e9l\u00e9on. Il se fait tuer. Londres d\u00e9signe un nouveau chef du r\u00e9seau : le Commandant CLAUDE. Op\u00e9ration CHEVAL : il s&rsquo;agit de faire sauter les locomotives du d\u00e9p\u00f4t.<\/p>\n<p style=\"text-align: right;\">Plus d&rsquo;infos sur : <a href=\"http:\/\/amifilm.fr\/?page_id=591\" target=\"_blank\" rel=\"noopener\">amifilm.fr<\/a><\/p>\n","protected":false},"excerpt":{"rendered":"<p>Synopsis : Pauline Walter est pr\u00e9paratrice en pharmacie \u00e0 Seinbach, petit village de l&rsquo;Aberthal. Elle apporte des vivres dans le maquis, avec son amie Constance. Le Commandant ANDRE est parachut\u00e9 de Londres pour prendre la t\u00eate du r\u00e9seau Cam\u00e9l\u00e9on. Il se fait tuer. Londres d\u00e9signe un nouveau chef du r\u00e9seau : le Commandant CLAUDE. Op\u00e9ration &hellip; <\/p>\n<p><a class=\"more-link btn\" href=\"https:\/\/www.lembach.fr\/mairie\/2022\/07\/07\/projection-la-chambre-douze\/\">Lire la suite<\/a><\/p>\n","protected":false},"author":1,"featured_media":0,"comment_status":"closed","ping_status":"closed","sticky":false,"template":"","format":"standard","meta":{"footnotes":""},"categories":[20],"tags":[],"class_list":["post-7298","post","type-post","status-publish","format-standard","hentry","category-spectacle","item-wrap"],"_links":{"self":[{"href":"https:\/\/www.lembach.fr\/mairie\/wp-json\/wp\/v2\/posts\/7298","targetHints":{"allow":["GET"]}}],"collection":[{"href":"https:\/\/www.lembach.fr\/mairie\/wp-json\/wp\/v2\/posts"}],"about":[{"href":"https:\/\/www.lembach.fr\/mairie\/wp-json\/wp\/v2\/types\/post"}],"author":[{"embeddable":true,"href":"https:\/\/www.lembach.fr\/mairie\/wp-json\/wp\/v2\/users\/1"}],"replies":[{"embeddable":true,"href":"https:\/\/www.lembach.fr\/mairie\/wp-json\/wp\/v2\/comments?post=7298"}],"version-history":[{"count":0,"href":"https:\/\/www.lembach.fr\/mairie\/wp-json\/wp\/v2\/posts\/7298\/revisions"}],"wp:attachment":[{"href":"https:\/\/www.lembach.fr\/mairie\/wp-json\/wp\/v2\/media?parent=7298"}],"wp:term":[{"taxonomy":"category","embeddable":true,"href":"https:\/\/www.lembach.fr\/mairie\/wp-json\/wp\/v2\/categories?post=7298"},{"taxonomy":"post_tag","embeddable":true,"href":"https:\/\/www.lembach.fr\/mairie\/wp-json\/wp\/v2\/tags?post=7298"}],"curies":[{"name":"wp","href":"https:\/\/api.w.org\/{rel}","templated":true}]}}