{"id":7280,"date":"2022-06-27T10:47:59","date_gmt":"2022-06-27T08:47:59","guid":{"rendered":"https:\/\/www.lembach.fr\/mairie\/?p=7280"},"modified":"2022-06-27T10:47:59","modified_gmt":"2022-06-27T08:47:59","slug":"arrete-municipal-temporaire-circulation-alternee-route-de-woerth","status":"publish","type":"post","link":"https:\/\/www.lembach.fr\/mairie\/2022\/06\/27\/arrete-municipal-temporaire-circulation-alternee-route-de-woerth\/","title":{"rendered":"Arr\u00eat\u00e9 municipal temporaire &#8211; Circulation altern\u00e9e route de Woerth"},"content":{"rendered":"<p>&nbsp;<\/p>\n<p>Cliquer sur le lien pour voir l&rsquo;arr\u00eat\u00e9 en entier :<\/p>\n<p><a href=\"https:\/\/www.lembach.fr\/mairie\/wp-content\/uploads\/2022\/06\/2022.06.22_ARRETE_MUNICIPAL_TEMPORAIRE_CIRCULATION_ALTERNEE_RTE_WOERTH.pdf\" target=\"_blank\" rel=\"noopener\"><img loading=\"lazy\" decoding=\"async\" class=\"size-full wp-image-7282 aligncenter\" src=\"https:\/\/www.lembach.fr\/mairie\/wp-content\/uploads\/2022\/06\/cadre-lien-AM-circulaiton-alternee.png\" alt=\"\" width=\"413\" height=\"106\" srcset=\"https:\/\/www.lembach.fr\/mairie\/wp-content\/uploads\/2022\/06\/cadre-lien-AM-circulaiton-alternee.png 413w, https:\/\/www.lembach.fr\/mairie\/wp-content\/uploads\/2022\/06\/cadre-lien-AM-circulaiton-alternee-300x77.png 300w\" sizes=\"auto, (max-width: 413px) 100vw, 413px\" \/><\/a><\/p>\n","protected":false},"excerpt":{"rendered":"<p>&nbsp; Cliquer sur le lien pour voir l&rsquo;arr\u00eat\u00e9 en entier :<\/p>\n","protected":false},"author":5,"featured_media":0,"comment_status":"closed","ping_status":"closed","sticky":false,"template":"","format":"standard","meta":{"footnotes":""},"categories":[12,25],"tags":[],"class_list":["post-7280","post","type-post","status-publish","format-standard","hentry","category-informations","category-urbanisme","item-wrap"],"_links":{"self":[{"href":"https:\/\/www.lembach.fr\/mairie\/wp-json\/wp\/v2\/posts\/7280","targetHints":{"allow":["GET"]}}],"collection":[{"href":"https:\/\/www.lembach.fr\/mairie\/wp-json\/wp\/v2\/posts"}],"about":[{"href":"https:\/\/www.lembach.fr\/mairie\/wp-json\/wp\/v2\/types\/post"}],"author":[{"embeddable":true,"href":"https:\/\/www.lembach.fr\/mairie\/wp-json\/wp\/v2\/users\/5"}],"replies":[{"embeddable":true,"href":"https:\/\/www.lembach.fr\/mairie\/wp-json\/wp\/v2\/comments?post=7280"}],"version-history":[{"count":0,"href":"https:\/\/www.lembach.fr\/mairie\/wp-json\/wp\/v2\/posts\/7280\/revisions"}],"wp:attachment":[{"href":"https:\/\/www.lembach.fr\/mairie\/wp-json\/wp\/v2\/media?parent=7280"}],"wp:term":[{"taxonomy":"category","embeddable":true,"href":"https:\/\/www.lembach.fr\/mairie\/wp-json\/wp\/v2\/categories?post=7280"},{"taxonomy":"post_tag","embeddable":true,"href":"https:\/\/www.lembach.fr\/mairie\/wp-json\/wp\/v2\/tags?post=7280"}],"curies":[{"name":"wp","href":"https:\/\/api.w.org\/{rel}","templated":true}]}}