{"id":7248,"date":"2022-06-02T13:48:31","date_gmt":"2022-06-02T11:48:31","guid":{"rendered":"https:\/\/www.lembach.fr\/mairie\/?p=7248"},"modified":"2022-06-02T13:59:22","modified_gmt":"2022-06-02T11:59:22","slug":"arrete-municipal-temporaire-portant-circulation-alternee-route-de-woerth","status":"publish","type":"post","link":"https:\/\/www.lembach.fr\/mairie\/2022\/06\/02\/arrete-municipal-temporaire-portant-circulation-alternee-route-de-woerth\/","title":{"rendered":"Arr\u00eat\u00e9 municipal temporaire portant circulation altern\u00e9e : Route de Woerth"},"content":{"rendered":"<p><a href=\"https:\/\/www.lembach.fr\/mairie\/wp-content\/uploads\/2022\/06\/Circulation-alternee.jpg\"><img loading=\"lazy\" decoding=\"async\" class=\"alignnone size-medium wp-image-7249\" src=\"https:\/\/www.lembach.fr\/mairie\/wp-content\/uploads\/2022\/06\/Circulation-alternee-212x300.jpg\" alt=\"\" width=\"212\" height=\"300\" srcset=\"https:\/\/www.lembach.fr\/mairie\/wp-content\/uploads\/2022\/06\/Circulation-alternee-212x300.jpg 212w, https:\/\/www.lembach.fr\/mairie\/wp-content\/uploads\/2022\/06\/Circulation-alternee-724x1024.jpg 724w, https:\/\/www.lembach.fr\/mairie\/wp-content\/uploads\/2022\/06\/Circulation-alternee-768x1086.jpg 768w, https:\/\/www.lembach.fr\/mairie\/wp-content\/uploads\/2022\/06\/Circulation-alternee-1087x1536.jpg 1087w, https:\/\/www.lembach.fr\/mairie\/wp-content\/uploads\/2022\/06\/Circulation-alternee-847x1197.jpg 847w, https:\/\/www.lembach.fr\/mairie\/wp-content\/uploads\/2022\/06\/Circulation-alternee.jpg 1240w\" sizes=\"auto, (max-width: 212px) 100vw, 212px\" \/><\/a><a href=\"https:\/\/www.lembach.fr\/mairie\/wp-content\/uploads\/2022\/06\/circulation-alternee-2.jpg\"><img loading=\"lazy\" decoding=\"async\" class=\"alignnone size-medium wp-image-7251\" src=\"https:\/\/www.lembach.fr\/mairie\/wp-content\/uploads\/2022\/06\/circulation-alternee-2-212x300.jpg\" alt=\"\" width=\"212\" height=\"300\" srcset=\"https:\/\/www.lembach.fr\/mairie\/wp-content\/uploads\/2022\/06\/circulation-alternee-2-212x300.jpg 212w, https:\/\/www.lembach.fr\/mairie\/wp-content\/uploads\/2022\/06\/circulation-alternee-2-724x1024.jpg 724w, https:\/\/www.lembach.fr\/mairie\/wp-content\/uploads\/2022\/06\/circulation-alternee-2-768x1086.jpg 768w, https:\/\/www.lembach.fr\/mairie\/wp-content\/uploads\/2022\/06\/circulation-alternee-2-1087x1536.jpg 1087w, https:\/\/www.lembach.fr\/mairie\/wp-content\/uploads\/2022\/06\/circulation-alternee-2-847x1197.jpg 847w, https:\/\/www.lembach.fr\/mairie\/wp-content\/uploads\/2022\/06\/circulation-alternee-2.jpg 1240w\" sizes=\"auto, (max-width: 212px) 100vw, 212px\" \/><\/a><\/p>\n","protected":false},"excerpt":{"rendered":"","protected":false},"author":1,"featured_media":0,"comment_status":"closed","ping_status":"closed","sticky":false,"template":"","format":"standard","meta":{"footnotes":""},"categories":[25],"tags":[],"class_list":["post-7248","post","type-post","status-publish","format-standard","hentry","category-urbanisme","item-wrap"],"_links":{"self":[{"href":"https:\/\/www.lembach.fr\/mairie\/wp-json\/wp\/v2\/posts\/7248","targetHints":{"allow":["GET"]}}],"collection":[{"href":"https:\/\/www.lembach.fr\/mairie\/wp-json\/wp\/v2\/posts"}],"about":[{"href":"https:\/\/www.lembach.fr\/mairie\/wp-json\/wp\/v2\/types\/post"}],"author":[{"embeddable":true,"href":"https:\/\/www.lembach.fr\/mairie\/wp-json\/wp\/v2\/users\/1"}],"replies":[{"embeddable":true,"href":"https:\/\/www.lembach.fr\/mairie\/wp-json\/wp\/v2\/comments?post=7248"}],"version-history":[{"count":0,"href":"https:\/\/www.lembach.fr\/mairie\/wp-json\/wp\/v2\/posts\/7248\/revisions"}],"wp:attachment":[{"href":"https:\/\/www.lembach.fr\/mairie\/wp-json\/wp\/v2\/media?parent=7248"}],"wp:term":[{"taxonomy":"category","embeddable":true,"href":"https:\/\/www.lembach.fr\/mairie\/wp-json\/wp\/v2\/categories?post=7248"},{"taxonomy":"post_tag","embeddable":true,"href":"https:\/\/www.lembach.fr\/mairie\/wp-json\/wp\/v2\/tags?post=7248"}],"curies":[{"name":"wp","href":"https:\/\/api.w.org\/{rel}","templated":true}]}}