{"id":7191,"date":"2022-03-01T16:05:49","date_gmt":"2022-03-01T15:05:49","guid":{"rendered":"https:\/\/www.lembach.fr\/mairie\/?p=7191"},"modified":"2022-03-13T19:33:55","modified_gmt":"2022-03-13T18:33:55","slug":"arrete-municipale-interdiction-de-stationner","status":"publish","type":"post","link":"https:\/\/www.lembach.fr\/mairie\/2022\/03\/01\/arrete-municipale-interdiction-de-stationner\/","title":{"rendered":"Arr\u00eat\u00e9 municipal &#8211; interdiction de stationner"},"content":{"rendered":"<p>Interdiction de stationner au niveau des arr\u00eat\u00e9s de bus de la route de Bitche et rue des \u00e9coles, le mercredi 9 mars 2022.<\/p>\n<p><em>Cliquez pour plus d&rsquo;informations :<\/em><\/p>\n<p style=\"text-align: center;\"><a href=\"https:\/\/www.lembach.fr\/mairie\/wp-content\/uploads\/2022\/03\/2022.03.01_ARRETE_MUNICIPAL_TEMPORAIRE_PORTANT_INTERDICTION_DE_STATIONNER.pdf\" target=\"_blank\" rel=\"noopener\"><img loading=\"lazy\" decoding=\"async\" class=\"alignnone size-full wp-image-7190\" src=\"https:\/\/www.lembach.fr\/mairie\/wp-content\/uploads\/2022\/03\/Capture-decran-2022-03-01-160001.jpg\" alt=\"\" width=\"321\" height=\"156\" srcset=\"https:\/\/www.lembach.fr\/mairie\/wp-content\/uploads\/2022\/03\/Capture-decran-2022-03-01-160001.jpg 321w, https:\/\/www.lembach.fr\/mairie\/wp-content\/uploads\/2022\/03\/Capture-decran-2022-03-01-160001-300x146.jpg 300w\" sizes=\"auto, (max-width: 321px) 100vw, 321px\" \/><\/a><\/p>\n<p><a href=\"https:\/\/www.lembach.fr\/mairie\/wp-content\/uploads\/2022\/03\/Capture-decran-2022-03-01-155538.jpg\"><img loading=\"lazy\" decoding=\"async\" class=\"alignnone wp-image-7187\" src=\"https:\/\/www.lembach.fr\/mairie\/wp-content\/uploads\/2022\/03\/Capture-decran-2022-03-01-155538.jpg\" alt=\"\" width=\"328\" height=\"255\" srcset=\"https:\/\/www.lembach.fr\/mairie\/wp-content\/uploads\/2022\/03\/Capture-decran-2022-03-01-155538.jpg 813w, https:\/\/www.lembach.fr\/mairie\/wp-content\/uploads\/2022\/03\/Capture-decran-2022-03-01-155538-300x234.jpg 300w, https:\/\/www.lembach.fr\/mairie\/wp-content\/uploads\/2022\/03\/Capture-decran-2022-03-01-155538-768x599.jpg 768w\" sizes=\"auto, (max-width: 328px) 100vw, 328px\" \/>\u00a0 <\/a><a href=\"https:\/\/www.lembach.fr\/mairie\/wp-content\/uploads\/2022\/03\/Capture-decran-2022-03-01-155458.jpg\"><img loading=\"lazy\" decoding=\"async\" class=\"alignnone wp-image-7186\" src=\"https:\/\/www.lembach.fr\/mairie\/wp-content\/uploads\/2022\/03\/Capture-decran-2022-03-01-155458.jpg\" alt=\"\" width=\"364\" height=\"255\" srcset=\"https:\/\/www.lembach.fr\/mairie\/wp-content\/uploads\/2022\/03\/Capture-decran-2022-03-01-155458.jpg 864w, https:\/\/www.lembach.fr\/mairie\/wp-content\/uploads\/2022\/03\/Capture-decran-2022-03-01-155458-300x210.jpg 300w, https:\/\/www.lembach.fr\/mairie\/wp-content\/uploads\/2022\/03\/Capture-decran-2022-03-01-155458-768x537.jpg 768w, https:\/\/www.lembach.fr\/mairie\/wp-content\/uploads\/2022\/03\/Capture-decran-2022-03-01-155458-847x592.jpg 847w\" sizes=\"auto, (max-width: 364px) 100vw, 364px\" \/><\/a><\/p>\n<p>&nbsp;<\/p>\n","protected":false},"excerpt":{"rendered":"<p>Interdiction de stationner au niveau des arr\u00eat\u00e9s de bus de la route de Bitche et rue des \u00e9coles, le mercredi 9 mars 2022. Cliquez pour plus d&rsquo;informations : \u00a0 &nbsp;<\/p>\n","protected":false},"author":5,"featured_media":0,"comment_status":"closed","ping_status":"closed","sticky":false,"template":"","format":"standard","meta":{"footnotes":""},"categories":[12],"tags":[],"class_list":["post-7191","post","type-post","status-publish","format-standard","hentry","category-informations","item-wrap"],"_links":{"self":[{"href":"https:\/\/www.lembach.fr\/mairie\/wp-json\/wp\/v2\/posts\/7191","targetHints":{"allow":["GET"]}}],"collection":[{"href":"https:\/\/www.lembach.fr\/mairie\/wp-json\/wp\/v2\/posts"}],"about":[{"href":"https:\/\/www.lembach.fr\/mairie\/wp-json\/wp\/v2\/types\/post"}],"author":[{"embeddable":true,"href":"https:\/\/www.lembach.fr\/mairie\/wp-json\/wp\/v2\/users\/5"}],"replies":[{"embeddable":true,"href":"https:\/\/www.lembach.fr\/mairie\/wp-json\/wp\/v2\/comments?post=7191"}],"version-history":[{"count":0,"href":"https:\/\/www.lembach.fr\/mairie\/wp-json\/wp\/v2\/posts\/7191\/revisions"}],"wp:attachment":[{"href":"https:\/\/www.lembach.fr\/mairie\/wp-json\/wp\/v2\/media?parent=7191"}],"wp:term":[{"taxonomy":"category","embeddable":true,"href":"https:\/\/www.lembach.fr\/mairie\/wp-json\/wp\/v2\/categories?post=7191"},{"taxonomy":"post_tag","embeddable":true,"href":"https:\/\/www.lembach.fr\/mairie\/wp-json\/wp\/v2\/tags?post=7191"}],"curies":[{"name":"wp","href":"https:\/\/api.w.org\/{rel}","templated":true}]}}