{"id":6919,"date":"2021-09-17T16:26:51","date_gmt":"2021-09-17T14:26:51","guid":{"rendered":"https:\/\/www.lembach.fr\/mairie\/?p=6919"},"modified":"2021-09-17T17:28:36","modified_gmt":"2021-09-17T15:28:36","slug":"restriction-dusage-de-leau","status":"publish","type":"post","link":"https:\/\/www.lembach.fr\/mairie\/2021\/09\/17\/restriction-dusage-de-leau\/","title":{"rendered":"Restriction d&rsquo;usage de l&rsquo;eau"},"content":{"rendered":"<p>&nbsp;<\/p>\n<h2 style=\"text-align: center;\">FAUSSE ALERTE!!!!<\/h2>\n<p style=\"text-align: center;\">Un\u00a0 agent de l&rsquo;ARS a pr\u00e9lev\u00e9 par erreur un \u00e9chantillon d&rsquo;eau sur un r\u00e9seau priv\u00e9<\/p>\n<p style=\"text-align: center;\">(pr\u00e9lev\u00e9 au lavabo des toilettes, reli\u00e9 \u00e0 l&rsquo;eau de r\u00e9cup\u00e9ration)<\/p>\n<h3 style=\"text-align: center;\"><strong>! L&rsquo;EAU DESTINEE A LA CONSOMMATION DU RESEAU PUBLIC EST CONFORME !<\/strong><\/h3>\n<p style=\"text-align: center;\">(les analyses ont \u00e9t\u00e9 faites ce mercredi)<\/p>\n<p>&nbsp;<\/p>\n","protected":false},"excerpt":{"rendered":"<p>&nbsp; FAUSSE ALERTE!!!! Un\u00a0 agent de l&rsquo;ARS a pr\u00e9lev\u00e9 par erreur un \u00e9chantillon d&rsquo;eau sur un r\u00e9seau priv\u00e9 (pr\u00e9lev\u00e9 au lavabo des toilettes, reli\u00e9 \u00e0 l&rsquo;eau de r\u00e9cup\u00e9ration) ! L&rsquo;EAU DESTINEE A LA CONSOMMATION DU RESEAU PUBLIC EST CONFORME ! (les analyses ont \u00e9t\u00e9 faites ce mercredi) &nbsp;<\/p>\n","protected":false},"author":5,"featured_media":0,"comment_status":"closed","ping_status":"closed","sticky":false,"template":"","format":"standard","meta":{"footnotes":""},"categories":[12],"tags":[],"class_list":["post-6919","post","type-post","status-publish","format-standard","hentry","category-informations","item-wrap"],"_links":{"self":[{"href":"https:\/\/www.lembach.fr\/mairie\/wp-json\/wp\/v2\/posts\/6919","targetHints":{"allow":["GET"]}}],"collection":[{"href":"https:\/\/www.lembach.fr\/mairie\/wp-json\/wp\/v2\/posts"}],"about":[{"href":"https:\/\/www.lembach.fr\/mairie\/wp-json\/wp\/v2\/types\/post"}],"author":[{"embeddable":true,"href":"https:\/\/www.lembach.fr\/mairie\/wp-json\/wp\/v2\/users\/5"}],"replies":[{"embeddable":true,"href":"https:\/\/www.lembach.fr\/mairie\/wp-json\/wp\/v2\/comments?post=6919"}],"version-history":[{"count":0,"href":"https:\/\/www.lembach.fr\/mairie\/wp-json\/wp\/v2\/posts\/6919\/revisions"}],"wp:attachment":[{"href":"https:\/\/www.lembach.fr\/mairie\/wp-json\/wp\/v2\/media?parent=6919"}],"wp:term":[{"taxonomy":"category","embeddable":true,"href":"https:\/\/www.lembach.fr\/mairie\/wp-json\/wp\/v2\/categories?post=6919"},{"taxonomy":"post_tag","embeddable":true,"href":"https:\/\/www.lembach.fr\/mairie\/wp-json\/wp\/v2\/tags?post=6919"}],"curies":[{"name":"wp","href":"https:\/\/api.w.org\/{rel}","templated":true}]}}