{"id":6844,"date":"2021-08-24T11:31:37","date_gmt":"2021-08-24T09:31:37","guid":{"rendered":"https:\/\/www.lembach.fr\/mairie\/?p=6844"},"modified":"2021-08-26T19:09:44","modified_gmt":"2021-08-26T17:09:44","slug":"resultat-de-loperation-qualitri-du-23-aout-2021","status":"publish","type":"post","link":"https:\/\/www.lembach.fr\/mairie\/2021\/08\/24\/resultat-de-loperation-qualitri-du-23-aout-2021\/","title":{"rendered":"R\u00e9sultat de l&rsquo;op\u00e9ration Quali&rsquo;tri du 23 Ao\u00fbt 2021"},"content":{"rendered":"<p>Lundi 23 Ao\u00fbt 2021, 126 bacs de tri de la commune ont \u00e9t\u00e9 contr\u00f4l\u00e9s par le partenaire de collecte du SMICTOM, SUEZ.<\/p>\n<p>Il en r\u00e9sulte que 11% des d\u00e9chets n&rsquo;\u00e9taient pas conforme aux instructions de tri en vigueur.<\/p>\n<p>Ci joint, le r\u00e9sultat du contr\u00f4le op\u00e9r\u00e9 ainsi que les consignes de tri.<\/p>\n<p><img loading=\"lazy\" decoding=\"async\" class=\"aligncenter size-full wp-image-6845\" src=\"https:\/\/www.lembach.fr\/mairie\/wp-content\/uploads\/2021\/08\/23-08-2021-Lembach-Mattstall-1_page-0001.jpg\" alt=\"RESULTAT OPERATION DU 23 AOUT 2021\" width=\"1240\" height=\"1754\" srcset=\"https:\/\/www.lembach.fr\/mairie\/wp-content\/uploads\/2021\/08\/23-08-2021-Lembach-Mattstall-1_page-0001.jpg 1240w, https:\/\/www.lembach.fr\/mairie\/wp-content\/uploads\/2021\/08\/23-08-2021-Lembach-Mattstall-1_page-0001-212x300.jpg 212w, https:\/\/www.lembach.fr\/mairie\/wp-content\/uploads\/2021\/08\/23-08-2021-Lembach-Mattstall-1_page-0001-724x1024.jpg 724w, https:\/\/www.lembach.fr\/mairie\/wp-content\/uploads\/2021\/08\/23-08-2021-Lembach-Mattstall-1_page-0001-768x1086.jpg 768w, https:\/\/www.lembach.fr\/mairie\/wp-content\/uploads\/2021\/08\/23-08-2021-Lembach-Mattstall-1_page-0001-1086x1536.jpg 1086w, https:\/\/www.lembach.fr\/mairie\/wp-content\/uploads\/2021\/08\/23-08-2021-Lembach-Mattstall-1_page-0001-847x1198.jpg 847w\" sizes=\"auto, (max-width: 1240px) 100vw, 1240px\" \/><img loading=\"lazy\" decoding=\"async\" class=\"aligncenter size-full wp-image-6847\" src=\"https:\/\/www.lembach.fr\/mairie\/wp-content\/uploads\/2021\/08\/Consignes-de-tri-FR-1_page-0001.jpg\" alt=\"CONSIGNES DE TRI\" width=\"1754\" height=\"1241\" srcset=\"https:\/\/www.lembach.fr\/mairie\/wp-content\/uploads\/2021\/08\/Consignes-de-tri-FR-1_page-0001.jpg 1754w, https:\/\/www.lembach.fr\/mairie\/wp-content\/uploads\/2021\/08\/Consignes-de-tri-FR-1_page-0001-300x212.jpg 300w, https:\/\/www.lembach.fr\/mairie\/wp-content\/uploads\/2021\/08\/Consignes-de-tri-FR-1_page-0001-1024x725.jpg 1024w, https:\/\/www.lembach.fr\/mairie\/wp-content\/uploads\/2021\/08\/Consignes-de-tri-FR-1_page-0001-768x543.jpg 768w, https:\/\/www.lembach.fr\/mairie\/wp-content\/uploads\/2021\/08\/Consignes-de-tri-FR-1_page-0001-1536x1087.jpg 1536w, https:\/\/www.lembach.fr\/mairie\/wp-content\/uploads\/2021\/08\/Consignes-de-tri-FR-1_page-0001-847x599.jpg 847w\" sizes=\"auto, (max-width: 1754px) 100vw, 1754px\" \/> <img loading=\"lazy\" decoding=\"async\" class=\"aligncenter size-full wp-image-6846\" src=\"https:\/\/www.lembach.fr\/mairie\/wp-content\/uploads\/2021\/08\/Consignes-de-tri-FR-1_page-0002.jpg\" alt=\"CONSIGNES DE TRI\" width=\"1754\" height=\"1241\" srcset=\"https:\/\/www.lembach.fr\/mairie\/wp-content\/uploads\/2021\/08\/Consignes-de-tri-FR-1_page-0002.jpg 1754w, https:\/\/www.lembach.fr\/mairie\/wp-content\/uploads\/2021\/08\/Consignes-de-tri-FR-1_page-0002-300x212.jpg 300w, https:\/\/www.lembach.fr\/mairie\/wp-content\/uploads\/2021\/08\/Consignes-de-tri-FR-1_page-0002-1024x725.jpg 1024w, https:\/\/www.lembach.fr\/mairie\/wp-content\/uploads\/2021\/08\/Consignes-de-tri-FR-1_page-0002-768x543.jpg 768w, https:\/\/www.lembach.fr\/mairie\/wp-content\/uploads\/2021\/08\/Consignes-de-tri-FR-1_page-0002-1536x1087.jpg 1536w, https:\/\/www.lembach.fr\/mairie\/wp-content\/uploads\/2021\/08\/Consignes-de-tri-FR-1_page-0002-847x599.jpg 847w\" sizes=\"auto, (max-width: 1754px) 100vw, 1754px\" \/><\/p>\n","protected":false},"excerpt":{"rendered":"<p>Lundi 23 Ao\u00fbt 2021, 126 bacs de tri de la commune ont \u00e9t\u00e9 contr\u00f4l\u00e9s par le partenaire de collecte du SMICTOM, SUEZ. Il en r\u00e9sulte que 11% des d\u00e9chets n&rsquo;\u00e9taient pas conforme aux instructions de tri en vigueur. Ci joint, le r\u00e9sultat du contr\u00f4le op\u00e9r\u00e9 ainsi que les consignes de tri.<\/p>\n","protected":false},"author":1,"featured_media":0,"comment_status":"closed","ping_status":"closed","sticky":false,"template":"","format":"standard","meta":{"footnotes":""},"categories":[12],"tags":[],"class_list":["post-6844","post","type-post","status-publish","format-standard","hentry","category-informations","item-wrap"],"_links":{"self":[{"href":"https:\/\/www.lembach.fr\/mairie\/wp-json\/wp\/v2\/posts\/6844","targetHints":{"allow":["GET"]}}],"collection":[{"href":"https:\/\/www.lembach.fr\/mairie\/wp-json\/wp\/v2\/posts"}],"about":[{"href":"https:\/\/www.lembach.fr\/mairie\/wp-json\/wp\/v2\/types\/post"}],"author":[{"embeddable":true,"href":"https:\/\/www.lembach.fr\/mairie\/wp-json\/wp\/v2\/users\/1"}],"replies":[{"embeddable":true,"href":"https:\/\/www.lembach.fr\/mairie\/wp-json\/wp\/v2\/comments?post=6844"}],"version-history":[{"count":0,"href":"https:\/\/www.lembach.fr\/mairie\/wp-json\/wp\/v2\/posts\/6844\/revisions"}],"wp:attachment":[{"href":"https:\/\/www.lembach.fr\/mairie\/wp-json\/wp\/v2\/media?parent=6844"}],"wp:term":[{"taxonomy":"category","embeddable":true,"href":"https:\/\/www.lembach.fr\/mairie\/wp-json\/wp\/v2\/categories?post=6844"},{"taxonomy":"post_tag","embeddable":true,"href":"https:\/\/www.lembach.fr\/mairie\/wp-json\/wp\/v2\/tags?post=6844"}],"curies":[{"name":"wp","href":"https:\/\/api.w.org\/{rel}","templated":true}]}}