{"id":6771,"date":"2021-06-28T11:08:40","date_gmt":"2021-06-28T09:08:40","guid":{"rendered":"https:\/\/www.lembach.fr\/mairie\/?p=6771"},"modified":"2021-06-28T11:16:40","modified_gmt":"2021-06-28T09:16:40","slug":"info-elections-resultats-du-2eme-tour-du-27-juin-2021","status":"publish","type":"post","link":"https:\/\/www.lembach.fr\/mairie\/2021\/06\/28\/info-elections-resultats-du-2eme-tour-du-27-juin-2021\/","title":{"rendered":"INFO ELECTIONS &#8211; R\u00e9sultats du 2\u00e8me tour du 27 juin 2021"},"content":{"rendered":"<h2 style=\"text-align: center;\">LEMBACH \/ MATTSTALL<\/h2>\n<p style=\"text-align: center;\"><span style=\"color: #0000ff;\">Trouvez les r\u00e9sultats du 2\u00e8me des \u00e9lections d\u00e9partementales et r\u00e9gionales en cliquant :<\/span><\/p>\n<p>&nbsp;<\/p>\n<p><a href=\"https:\/\/www.lembach.fr\/mairie\/wp-content\/uploads\/2021\/06\/2021.06-resultats-2T-DEPART-Lembach_Mattstall.pdf\" target=\"_blank\" rel=\"noopener\"><img loading=\"lazy\" decoding=\"async\" class=\"alignnone wp-image-6773 aligncenter\" src=\"https:\/\/www.lembach.fr\/mairie\/wp-content\/uploads\/2021\/06\/images.jpg\" alt=\"\" width=\"271\" height=\"217\" \/><\/a><\/p>\n<p><a href=\"https:\/\/www.lembach.fr\/mairie\/wp-content\/uploads\/2021\/06\/2021.06-resultats-2T-REGION-lembach.pdf\" target=\"_blank\" rel=\"noopener\"><img loading=\"lazy\" decoding=\"async\" class=\"wp-image-6774 aligncenter\" src=\"https:\/\/www.lembach.fr\/mairie\/wp-content\/uploads\/2021\/06\/elections-regionales_2021.png\" alt=\"\" width=\"278\" height=\"185\" srcset=\"https:\/\/www.lembach.fr\/mairie\/wp-content\/uploads\/2021\/06\/elections-regionales_2021.png 945w, https:\/\/www.lembach.fr\/mairie\/wp-content\/uploads\/2021\/06\/elections-regionales_2021-300x200.png 300w, https:\/\/www.lembach.fr\/mairie\/wp-content\/uploads\/2021\/06\/elections-regionales_2021-768x512.png 768w, https:\/\/www.lembach.fr\/mairie\/wp-content\/uploads\/2021\/06\/elections-regionales_2021-847x565.png 847w\" sizes=\"auto, (max-width: 278px) 100vw, 278px\" \/><\/a><\/p>\n","protected":false},"excerpt":{"rendered":"<p>LEMBACH \/ MATTSTALL Trouvez les r\u00e9sultats du 2\u00e8me des \u00e9lections d\u00e9partementales et r\u00e9gionales en cliquant : &nbsp;<\/p>\n","protected":false},"author":5,"featured_media":0,"comment_status":"closed","ping_status":"closed","sticky":false,"template":"","format":"standard","meta":{"footnotes":""},"categories":[12],"tags":[],"class_list":["post-6771","post","type-post","status-publish","format-standard","hentry","category-informations","item-wrap"],"_links":{"self":[{"href":"https:\/\/www.lembach.fr\/mairie\/wp-json\/wp\/v2\/posts\/6771","targetHints":{"allow":["GET"]}}],"collection":[{"href":"https:\/\/www.lembach.fr\/mairie\/wp-json\/wp\/v2\/posts"}],"about":[{"href":"https:\/\/www.lembach.fr\/mairie\/wp-json\/wp\/v2\/types\/post"}],"author":[{"embeddable":true,"href":"https:\/\/www.lembach.fr\/mairie\/wp-json\/wp\/v2\/users\/5"}],"replies":[{"embeddable":true,"href":"https:\/\/www.lembach.fr\/mairie\/wp-json\/wp\/v2\/comments?post=6771"}],"version-history":[{"count":0,"href":"https:\/\/www.lembach.fr\/mairie\/wp-json\/wp\/v2\/posts\/6771\/revisions"}],"wp:attachment":[{"href":"https:\/\/www.lembach.fr\/mairie\/wp-json\/wp\/v2\/media?parent=6771"}],"wp:term":[{"taxonomy":"category","embeddable":true,"href":"https:\/\/www.lembach.fr\/mairie\/wp-json\/wp\/v2\/categories?post=6771"},{"taxonomy":"post_tag","embeddable":true,"href":"https:\/\/www.lembach.fr\/mairie\/wp-json\/wp\/v2\/tags?post=6771"}],"curies":[{"name":"wp","href":"https:\/\/api.w.org\/{rel}","templated":true}]}}