{"id":6694,"date":"2021-08-31T10:00:20","date_gmt":"2021-08-31T08:00:20","guid":{"rendered":"https:\/\/www.lembach.fr\/mairie\/?p=6694"},"modified":"2021-08-31T10:17:15","modified_gmt":"2021-08-31T08:17:15","slug":"mercredi-7-avril-fermeture-exceptionnelle-de-la-mairie","status":"publish","type":"post","link":"https:\/\/www.lembach.fr\/mairie\/2021\/08\/31\/mercredi-7-avril-fermeture-exceptionnelle-de-la-mairie\/","title":{"rendered":"Mercredi 1er septembre &#8211; Fermeture exceptionnelle de l&rsquo;accueil de la Mairie"},"content":{"rendered":"<p>&nbsp;<\/p>\n<h4 style=\"text-align: center;\">L&rsquo;accueil de la mairie est <span style=\"color: #ff0000;\"><strong>exceptionnellement ferm\u00e9\u00a0<\/strong><\/span><\/h4>\n<h4 style=\"text-align: center;\">le <strong>MERCREDI 1er septembre 2021<\/strong><\/h4>\n<p style=\"text-align: center;\">toute la journ\u00e9e<\/p>\n<p style=\"text-align: center;\">R\u00e9ouverture au public : jeudi 2 septembre \u00e0 8h<\/p>\n<p><a href=\"https:\/\/www.lembach.fr\/mairie\/wp-content\/uploads\/2021\/08\/Fermeture-Mairie-Mercredi.jpg\"><img loading=\"lazy\" decoding=\"async\" class=\"size-large wp-image-6865 alignnone\" src=\"https:\/\/www.lembach.fr\/mairie\/wp-content\/uploads\/2021\/08\/Fermeture-Mairie-Mercredi-1024x663.jpg\" alt=\"\" width=\"847\" height=\"548\" srcset=\"https:\/\/www.lembach.fr\/mairie\/wp-content\/uploads\/2021\/08\/Fermeture-Mairie-Mercredi-1024x663.jpg 1024w, https:\/\/www.lembach.fr\/mairie\/wp-content\/uploads\/2021\/08\/Fermeture-Mairie-Mercredi-300x194.jpg 300w, https:\/\/www.lembach.fr\/mairie\/wp-content\/uploads\/2021\/08\/Fermeture-Mairie-Mercredi-768x498.jpg 768w, https:\/\/www.lembach.fr\/mairie\/wp-content\/uploads\/2021\/08\/Fermeture-Mairie-Mercredi-847x549.jpg 847w, https:\/\/www.lembach.fr\/mairie\/wp-content\/uploads\/2021\/08\/Fermeture-Mairie-Mercredi.jpg 1096w\" sizes=\"auto, (max-width: 847px) 100vw, 847px\" \/><\/a><\/p>\n","protected":false},"excerpt":{"rendered":"<p>&nbsp; L&rsquo;accueil de la mairie est exceptionnellement ferm\u00e9\u00a0 le MERCREDI 1er septembre 2021 toute la journ\u00e9e R\u00e9ouverture au public : jeudi 2 septembre \u00e0 8h<\/p>\n","protected":false},"author":5,"featured_media":0,"comment_status":"closed","ping_status":"closed","sticky":false,"template":"","format":"standard","meta":{"footnotes":""},"categories":[14],"tags":[],"class_list":["post-6694","post","type-post","status-publish","format-standard","hentry","category-administratif","item-wrap"],"_links":{"self":[{"href":"https:\/\/www.lembach.fr\/mairie\/wp-json\/wp\/v2\/posts\/6694","targetHints":{"allow":["GET"]}}],"collection":[{"href":"https:\/\/www.lembach.fr\/mairie\/wp-json\/wp\/v2\/posts"}],"about":[{"href":"https:\/\/www.lembach.fr\/mairie\/wp-json\/wp\/v2\/types\/post"}],"author":[{"embeddable":true,"href":"https:\/\/www.lembach.fr\/mairie\/wp-json\/wp\/v2\/users\/5"}],"replies":[{"embeddable":true,"href":"https:\/\/www.lembach.fr\/mairie\/wp-json\/wp\/v2\/comments?post=6694"}],"version-history":[{"count":0,"href":"https:\/\/www.lembach.fr\/mairie\/wp-json\/wp\/v2\/posts\/6694\/revisions"}],"wp:attachment":[{"href":"https:\/\/www.lembach.fr\/mairie\/wp-json\/wp\/v2\/media?parent=6694"}],"wp:term":[{"taxonomy":"category","embeddable":true,"href":"https:\/\/www.lembach.fr\/mairie\/wp-json\/wp\/v2\/categories?post=6694"},{"taxonomy":"post_tag","embeddable":true,"href":"https:\/\/www.lembach.fr\/mairie\/wp-json\/wp\/v2\/tags?post=6694"}],"curies":[{"name":"wp","href":"https:\/\/api.w.org\/{rel}","templated":true}]}}