{"id":6684,"date":"2021-04-02T08:35:57","date_gmt":"2021-04-02T06:35:57","guid":{"rendered":"https:\/\/www.lembach.fr\/mairie\/?p=6684"},"modified":"2021-04-15T10:37:50","modified_gmt":"2021-04-15T08:37:50","slug":"consultation-parents-deleves","status":"publish","type":"post","link":"https:\/\/www.lembach.fr\/mairie\/2021\/04\/02\/consultation-parents-deleves\/","title":{"rendered":"Consultation \u00ab\u00a0Parents d&rsquo;\u00e9l\u00e8ves\u00a0\u00bb"},"content":{"rendered":"<p>&nbsp;<\/p>\n<p><img loading=\"lazy\" decoding=\"async\" class=\"aligncenter wp-image-6690 size-full\" src=\"https:\/\/www.lembach.fr\/mairie\/wp-content\/uploads\/2021\/04\/logo-ecole.jpg\" alt=\"\" width=\"109\" height=\"98\" \/>Parents d&rsquo;\u00e9l\u00e8ves, la commune de Lembach souhaite conna\u00eetre votre avis concernant les abords de l&rsquo;\u00e9cole.<\/p>\n<p>Cette fiche est \u00e0 remplir et \u00e0 nous remettre en mairie.<\/p>\n<p>Pour la t\u00e9l\u00e9charger, cliquez sur le lien ci-dessous :<\/p>\n<p><a href=\"https:\/\/www.lembach.fr\/mairie\/wp-content\/uploads\/2021\/04\/2021.04-consultation-ecole.pdf\"><img loading=\"lazy\" decoding=\"async\" class=\"size-full wp-image-6686 aligncenter\" src=\"https:\/\/www.lembach.fr\/mairie\/wp-content\/uploads\/2021\/04\/lien-consultation.jpg\" alt=\"\" width=\"461\" height=\"57\" srcset=\"https:\/\/www.lembach.fr\/mairie\/wp-content\/uploads\/2021\/04\/lien-consultation.jpg 461w, https:\/\/www.lembach.fr\/mairie\/wp-content\/uploads\/2021\/04\/lien-consultation-300x37.jpg 300w\" sizes=\"auto, (max-width: 461px) 100vw, 461px\" \/><\/a><\/p>\n<p>&nbsp;<\/p>\n<p>&nbsp;<\/p>\n","protected":false},"excerpt":{"rendered":"<p>&nbsp; Parents d&rsquo;\u00e9l\u00e8ves, la commune de Lembach souhaite conna\u00eetre votre avis concernant les abords de l&rsquo;\u00e9cole. Cette fiche est \u00e0 remplir et \u00e0 nous remettre en mairie. Pour la t\u00e9l\u00e9charger, cliquez sur le lien ci-dessous : &nbsp; &nbsp;<\/p>\n","protected":false},"author":5,"featured_media":0,"comment_status":"closed","ping_status":"closed","sticky":false,"template":"","format":"standard","meta":{"footnotes":""},"categories":[21],"tags":[],"class_list":["post-6684","post","type-post","status-publish","format-standard","hentry","category-sondage","item-wrap"],"_links":{"self":[{"href":"https:\/\/www.lembach.fr\/mairie\/wp-json\/wp\/v2\/posts\/6684","targetHints":{"allow":["GET"]}}],"collection":[{"href":"https:\/\/www.lembach.fr\/mairie\/wp-json\/wp\/v2\/posts"}],"about":[{"href":"https:\/\/www.lembach.fr\/mairie\/wp-json\/wp\/v2\/types\/post"}],"author":[{"embeddable":true,"href":"https:\/\/www.lembach.fr\/mairie\/wp-json\/wp\/v2\/users\/5"}],"replies":[{"embeddable":true,"href":"https:\/\/www.lembach.fr\/mairie\/wp-json\/wp\/v2\/comments?post=6684"}],"version-history":[{"count":0,"href":"https:\/\/www.lembach.fr\/mairie\/wp-json\/wp\/v2\/posts\/6684\/revisions"}],"wp:attachment":[{"href":"https:\/\/www.lembach.fr\/mairie\/wp-json\/wp\/v2\/media?parent=6684"}],"wp:term":[{"taxonomy":"category","embeddable":true,"href":"https:\/\/www.lembach.fr\/mairie\/wp-json\/wp\/v2\/categories?post=6684"},{"taxonomy":"post_tag","embeddable":true,"href":"https:\/\/www.lembach.fr\/mairie\/wp-json\/wp\/v2\/tags?post=6684"}],"curies":[{"name":"wp","href":"https:\/\/api.w.org\/{rel}","templated":true}]}}