{"id":6664,"date":"2021-03-22T10:25:01","date_gmt":"2021-03-22T09:25:01","guid":{"rendered":"https:\/\/www.lembach.fr\/mairie\/?p=6664"},"modified":"2021-03-22T10:25:01","modified_gmt":"2021-03-22T09:25:01","slug":"arrete-prefectoral-du-16-mars-2021-port-du-masque","status":"publish","type":"post","link":"https:\/\/www.lembach.fr\/mairie\/2021\/03\/22\/arrete-prefectoral-du-16-mars-2021-port-du-masque\/","title":{"rendered":"Arr\u00eat\u00e9 pr\u00e9fectoral du 16 mars 2021 &#8211; Port du masque"},"content":{"rendered":"<p style=\"text-align: center;\"><span style=\"color: #0000ff;\"><strong>\u00a0INFO PREFECTURE<\/strong><\/span><\/p>\n<div dir=\"auto\" style=\"text-align: center;\">L&rsquo;arr\u00eat\u00e9 pr\u00e9fectoral du 16 mars 2021 modifie l&rsquo;arr\u00eat\u00e9 pr\u00e9fectoral du 30 octobre 2021 imposant le port du masque pour les pi\u00e9tons de onze ans et plus sur certaines parties du territoire du d\u00e9partement du Bas-Rhin.<\/div>\n<div dir=\"auto\"><\/div>\n<div dir=\"auto\" style=\"text-align: center;\"><\/div>\n<div dir=\"auto\" style=\"text-align: center;\">Veuillez trouver l&rsquo;arr\u00eat\u00e9 complet en cliquant sur le lien ci-dessous :<\/div>\n<div dir=\"auto\"><\/div>\n<div dir=\"auto\" style=\"text-align: center;\"><\/div>\n<div dir=\"auto\"><a href=\"https:\/\/www.lembach.fr\/mairie\/wp-content\/uploads\/2021\/03\/2021.03.16-AP-masques-basrhin11.pdf\" target=\"_blank\" rel=\"noopener\"><img loading=\"lazy\" decoding=\"async\" class=\"alignnone size-full wp-image-6671 aligncenter\" src=\"https:\/\/www.lembach.fr\/mairie\/wp-content\/uploads\/2021\/03\/lien-cabinet-de-la-Prefete-direction-des-securite.jpg\" alt=\"\" width=\"711\" height=\"132\" srcset=\"https:\/\/www.lembach.fr\/mairie\/wp-content\/uploads\/2021\/03\/lien-cabinet-de-la-Prefete-direction-des-securite.jpg 711w, https:\/\/www.lembach.fr\/mairie\/wp-content\/uploads\/2021\/03\/lien-cabinet-de-la-Prefete-direction-des-securite-300x56.jpg 300w\" sizes=\"auto, (max-width: 711px) 100vw, 711px\" \/><\/a><\/div>\n","protected":false},"excerpt":{"rendered":"<p>\u00a0INFO PREFECTURE L&rsquo;arr\u00eat\u00e9 pr\u00e9fectoral du 16 mars 2021 modifie l&rsquo;arr\u00eat\u00e9 pr\u00e9fectoral du 30 octobre 2021 imposant le port du masque pour les pi\u00e9tons de onze ans et plus sur certaines parties du territoire du d\u00e9partement du Bas-Rhin. Veuillez trouver l&rsquo;arr\u00eat\u00e9 complet en cliquant sur le lien ci-dessous :<\/p>\n","protected":false},"author":5,"featured_media":0,"comment_status":"closed","ping_status":"closed","sticky":false,"template":"","format":"standard","meta":{"footnotes":""},"categories":[24],"tags":[],"class_list":["post-6664","post","type-post","status-publish","format-standard","hentry","category-covid-19","item-wrap"],"_links":{"self":[{"href":"https:\/\/www.lembach.fr\/mairie\/wp-json\/wp\/v2\/posts\/6664","targetHints":{"allow":["GET"]}}],"collection":[{"href":"https:\/\/www.lembach.fr\/mairie\/wp-json\/wp\/v2\/posts"}],"about":[{"href":"https:\/\/www.lembach.fr\/mairie\/wp-json\/wp\/v2\/types\/post"}],"author":[{"embeddable":true,"href":"https:\/\/www.lembach.fr\/mairie\/wp-json\/wp\/v2\/users\/5"}],"replies":[{"embeddable":true,"href":"https:\/\/www.lembach.fr\/mairie\/wp-json\/wp\/v2\/comments?post=6664"}],"version-history":[{"count":0,"href":"https:\/\/www.lembach.fr\/mairie\/wp-json\/wp\/v2\/posts\/6664\/revisions"}],"wp:attachment":[{"href":"https:\/\/www.lembach.fr\/mairie\/wp-json\/wp\/v2\/media?parent=6664"}],"wp:term":[{"taxonomy":"category","embeddable":true,"href":"https:\/\/www.lembach.fr\/mairie\/wp-json\/wp\/v2\/categories?post=6664"},{"taxonomy":"post_tag","embeddable":true,"href":"https:\/\/www.lembach.fr\/mairie\/wp-json\/wp\/v2\/tags?post=6664"}],"curies":[{"name":"wp","href":"https:\/\/api.w.org\/{rel}","templated":true}]}}