{"id":6641,"date":"2021-02-26T13:59:46","date_gmt":"2021-02-26T12:59:46","guid":{"rendered":"https:\/\/www.lembach.fr\/mairie\/?p=6641"},"modified":"2021-02-26T13:59:46","modified_gmt":"2021-02-26T12:59:46","slug":"arrete-prefectoral-du-24-fevrier-2021-mesures-durgence-suite-au-pic-de-pollution-atmospherique","status":"publish","type":"post","link":"https:\/\/www.lembach.fr\/mairie\/2021\/02\/26\/arrete-prefectoral-du-24-fevrier-2021-mesures-durgence-suite-au-pic-de-pollution-atmospherique\/","title":{"rendered":"Arr\u00eat\u00e9 pr\u00e9fectoral du 24 f\u00e9vrier 2021 &#8211; Mesures d&rsquo;urgence suite au pic de pollution atmosph\u00e9rique"},"content":{"rendered":"<p style=\"text-align: center;\"><span style=\"color: #0000ff;\"><strong>\u00a0INFO PREFECTURE<\/strong><\/span><\/p>\n<div dir=\"auto\">Suite au pic de pollution atmosph\u00e9rique, la Pr\u00e9fecture met en place des mesures d&rsquo;urgence compl\u00e9mentaires.<\/div>\n<div dir=\"auto\">Notamment sur :<\/div>\n<div dir=\"auto\">&#8211; la limitation de vitesse pour tous les v\u00e9hicules : abaiss\u00e9e de 20 kmh sur le r\u00e9seau autoroutier et les routes \u00e0 chauss\u00e9e s\u00e9par\u00e9e<\/div>\n<div dir=\"auto\">&#8211; le br\u00fblage \u00e0 l&rsquo;air libre de d\u00e9chets verts : interdit<\/div>\n<p>&nbsp;<\/p>\n<p>L&rsquo;arr\u00eat\u00e9 complet en cliquant sur le lien ci-dessous :<\/p>\n<p><a href=\"https:\/\/www.lembach.fr\/mairie\/wp-content\/uploads\/2021\/02\/2021.02.25-AP-portant-mise-en-oeuvre-des-mesures-durgance-suite-au-pic-de-pollution.pdf\"><img loading=\"lazy\" decoding=\"async\" class=\"size-large wp-image-6639 aligncenter\" src=\"https:\/\/www.lembach.fr\/mairie\/wp-content\/uploads\/2021\/02\/lien-pref-direction-des-securite-1024x436.jpg\" alt=\"\" width=\"847\" height=\"361\" srcset=\"https:\/\/www.lembach.fr\/mairie\/wp-content\/uploads\/2021\/02\/lien-pref-direction-des-securite-1024x436.jpg 1024w, https:\/\/www.lembach.fr\/mairie\/wp-content\/uploads\/2021\/02\/lien-pref-direction-des-securite-300x128.jpg 300w, https:\/\/www.lembach.fr\/mairie\/wp-content\/uploads\/2021\/02\/lien-pref-direction-des-securite-768x327.jpg 768w, https:\/\/www.lembach.fr\/mairie\/wp-content\/uploads\/2021\/02\/lien-pref-direction-des-securite-847x361.jpg 847w, https:\/\/www.lembach.fr\/mairie\/wp-content\/uploads\/2021\/02\/lien-pref-direction-des-securite.jpg 1232w\" sizes=\"auto, (max-width: 847px) 100vw, 847px\" \/><\/a><\/p>\n","protected":false},"excerpt":{"rendered":"<p>\u00a0INFO PREFECTURE Suite au pic de pollution atmosph\u00e9rique, la Pr\u00e9fecture met en place des mesures d&rsquo;urgence compl\u00e9mentaires. Notamment sur : &#8211; la limitation de vitesse pour tous les v\u00e9hicules : abaiss\u00e9e de 20 kmh sur le r\u00e9seau autoroutier et les routes \u00e0 chauss\u00e9e s\u00e9par\u00e9e &#8211; le br\u00fblage \u00e0 l&rsquo;air libre de d\u00e9chets verts : interdit &hellip; <\/p>\n<p><a class=\"more-link btn\" href=\"https:\/\/www.lembach.fr\/mairie\/2021\/02\/26\/arrete-prefectoral-du-24-fevrier-2021-mesures-durgence-suite-au-pic-de-pollution-atmospherique\/\">Lire la suite<\/a><\/p>\n","protected":false},"author":5,"featured_media":0,"comment_status":"closed","ping_status":"closed","sticky":false,"template":"","format":"standard","meta":{"footnotes":""},"categories":[12],"tags":[],"class_list":["post-6641","post","type-post","status-publish","format-standard","hentry","category-informations","item-wrap"],"_links":{"self":[{"href":"https:\/\/www.lembach.fr\/mairie\/wp-json\/wp\/v2\/posts\/6641","targetHints":{"allow":["GET"]}}],"collection":[{"href":"https:\/\/www.lembach.fr\/mairie\/wp-json\/wp\/v2\/posts"}],"about":[{"href":"https:\/\/www.lembach.fr\/mairie\/wp-json\/wp\/v2\/types\/post"}],"author":[{"embeddable":true,"href":"https:\/\/www.lembach.fr\/mairie\/wp-json\/wp\/v2\/users\/5"}],"replies":[{"embeddable":true,"href":"https:\/\/www.lembach.fr\/mairie\/wp-json\/wp\/v2\/comments?post=6641"}],"version-history":[{"count":0,"href":"https:\/\/www.lembach.fr\/mairie\/wp-json\/wp\/v2\/posts\/6641\/revisions"}],"wp:attachment":[{"href":"https:\/\/www.lembach.fr\/mairie\/wp-json\/wp\/v2\/media?parent=6641"}],"wp:term":[{"taxonomy":"category","embeddable":true,"href":"https:\/\/www.lembach.fr\/mairie\/wp-json\/wp\/v2\/categories?post=6641"},{"taxonomy":"post_tag","embeddable":true,"href":"https:\/\/www.lembach.fr\/mairie\/wp-json\/wp\/v2\/tags?post=6641"}],"curies":[{"name":"wp","href":"https:\/\/api.w.org\/{rel}","templated":true}]}}