{"id":6604,"date":"2021-02-01T11:49:17","date_gmt":"2021-02-01T10:49:17","guid":{"rendered":"https:\/\/www.lembach.fr\/mairie\/?p=6604"},"modified":"2021-02-01T12:01:03","modified_gmt":"2021-02-01T11:01:03","slug":"covid-19-mesures-concernant-les-frontieres","status":"publish","type":"post","link":"https:\/\/www.lembach.fr\/mairie\/2021\/02\/01\/covid-19-mesures-concernant-les-frontieres\/","title":{"rendered":"COVID-19 : mesures concernant les fronti\u00e8res"},"content":{"rendered":"<p>&nbsp;<\/p>\n<p>Trouvez le communiqu\u00e9 de presse sur les nouvelles mesures concernant les fronti\u00e8res et les d\u00e9placements terrestres en cliquant sur le lien ci-dessous :<\/p>\n<p><a href=\"https:\/\/www.lembach.fr\/mairie\/wp-content\/uploads\/2021\/02\/CP-Nouvelles-mesures-transfrontalieres-1.pdf\" target=\"_blank\" rel=\"noopener\"><img loading=\"lazy\" decoding=\"async\" class=\"size-full wp-image-6603 aligncenter\" src=\"https:\/\/www.lembach.fr\/mairie\/wp-content\/uploads\/2021\/02\/lien-comm-de-presse.jpg\" alt=\"\" width=\"548\" height=\"293\" srcset=\"https:\/\/www.lembach.fr\/mairie\/wp-content\/uploads\/2021\/02\/lien-comm-de-presse.jpg 548w, https:\/\/www.lembach.fr\/mairie\/wp-content\/uploads\/2021\/02\/lien-comm-de-presse-300x160.jpg 300w\" sizes=\"auto, (max-width: 548px) 100vw, 548px\" \/><\/a><\/p>\n<p>&nbsp;<\/p>\n","protected":false},"excerpt":{"rendered":"<p>&nbsp; Trouvez le communiqu\u00e9 de presse sur les nouvelles mesures concernant les fronti\u00e8res et les d\u00e9placements terrestres en cliquant sur le lien ci-dessous : &nbsp;<\/p>\n","protected":false},"author":5,"featured_media":0,"comment_status":"closed","ping_status":"closed","sticky":false,"template":"","format":"standard","meta":{"footnotes":""},"categories":[24],"tags":[],"class_list":["post-6604","post","type-post","status-publish","format-standard","hentry","category-covid-19","item-wrap"],"_links":{"self":[{"href":"https:\/\/www.lembach.fr\/mairie\/wp-json\/wp\/v2\/posts\/6604","targetHints":{"allow":["GET"]}}],"collection":[{"href":"https:\/\/www.lembach.fr\/mairie\/wp-json\/wp\/v2\/posts"}],"about":[{"href":"https:\/\/www.lembach.fr\/mairie\/wp-json\/wp\/v2\/types\/post"}],"author":[{"embeddable":true,"href":"https:\/\/www.lembach.fr\/mairie\/wp-json\/wp\/v2\/users\/5"}],"replies":[{"embeddable":true,"href":"https:\/\/www.lembach.fr\/mairie\/wp-json\/wp\/v2\/comments?post=6604"}],"version-history":[{"count":0,"href":"https:\/\/www.lembach.fr\/mairie\/wp-json\/wp\/v2\/posts\/6604\/revisions"}],"wp:attachment":[{"href":"https:\/\/www.lembach.fr\/mairie\/wp-json\/wp\/v2\/media?parent=6604"}],"wp:term":[{"taxonomy":"category","embeddable":true,"href":"https:\/\/www.lembach.fr\/mairie\/wp-json\/wp\/v2\/categories?post=6604"},{"taxonomy":"post_tag","embeddable":true,"href":"https:\/\/www.lembach.fr\/mairie\/wp-json\/wp\/v2\/tags?post=6604"}],"curies":[{"name":"wp","href":"https:\/\/api.w.org\/{rel}","templated":true}]}}