{"id":6586,"date":"2021-01-27T16:10:11","date_gmt":"2021-01-27T15:10:11","guid":{"rendered":"https:\/\/www.lembach.fr\/mairie\/?p=6586"},"modified":"2021-01-27T16:39:56","modified_gmt":"2021-01-27T15:39:56","slug":"ramassage-des-bacs-bruns","status":"publish","type":"post","link":"https:\/\/www.lembach.fr\/mairie\/2021\/01\/27\/ramassage-des-bacs-bruns\/","title":{"rendered":"Ramassage des bacs bruns MATTSTALL"},"content":{"rendered":"<p>&nbsp;<\/p>\n<p>Le SMICTOM Nord Alsace nous informe que la rel\u00e8ve des bacs bruns ne pourra se faire aujourd&rsquo;hui en raison des conditions m\u00e9t\u00e9o. Elle se fera, si la m\u00e9t\u00e9o le permet, demain jeudi 28 janvier &#x1f69b;&#x2705;<\/p>\n<p><a href=\"https:\/\/www.lembach.fr\/mairie\/wp-content\/uploads\/2020\/11\/image003.png\"><img loading=\"lazy\" decoding=\"async\" class=\"size-full wp-image-6421 aligncenter\" src=\"https:\/\/www.lembach.fr\/mairie\/wp-content\/uploads\/2020\/11\/image003.png\" alt=\"\" width=\"211\" height=\"183\" \/><\/a><\/p>\n<p>&nbsp;<\/p>\n<p>&nbsp;<\/p>\n","protected":false},"excerpt":{"rendered":"<p>&nbsp; Le SMICTOM Nord Alsace nous informe que la rel\u00e8ve des bacs bruns ne pourra se faire aujourd&rsquo;hui en raison des conditions m\u00e9t\u00e9o. Elle se fera, si la m\u00e9t\u00e9o le permet, demain jeudi 28 janvier &#x1f69b;&#x2705; &nbsp; &nbsp;<\/p>\n","protected":false},"author":5,"featured_media":0,"comment_status":"closed","ping_status":"closed","sticky":false,"template":"","format":"standard","meta":{"footnotes":""},"categories":[12],"tags":[],"class_list":["post-6586","post","type-post","status-publish","format-standard","hentry","category-informations","item-wrap"],"_links":{"self":[{"href":"https:\/\/www.lembach.fr\/mairie\/wp-json\/wp\/v2\/posts\/6586","targetHints":{"allow":["GET"]}}],"collection":[{"href":"https:\/\/www.lembach.fr\/mairie\/wp-json\/wp\/v2\/posts"}],"about":[{"href":"https:\/\/www.lembach.fr\/mairie\/wp-json\/wp\/v2\/types\/post"}],"author":[{"embeddable":true,"href":"https:\/\/www.lembach.fr\/mairie\/wp-json\/wp\/v2\/users\/5"}],"replies":[{"embeddable":true,"href":"https:\/\/www.lembach.fr\/mairie\/wp-json\/wp\/v2\/comments?post=6586"}],"version-history":[{"count":0,"href":"https:\/\/www.lembach.fr\/mairie\/wp-json\/wp\/v2\/posts\/6586\/revisions"}],"wp:attachment":[{"href":"https:\/\/www.lembach.fr\/mairie\/wp-json\/wp\/v2\/media?parent=6586"}],"wp:term":[{"taxonomy":"category","embeddable":true,"href":"https:\/\/www.lembach.fr\/mairie\/wp-json\/wp\/v2\/categories?post=6586"},{"taxonomy":"post_tag","embeddable":true,"href":"https:\/\/www.lembach.fr\/mairie\/wp-json\/wp\/v2\/tags?post=6586"}],"curies":[{"name":"wp","href":"https:\/\/api.w.org\/{rel}","templated":true}]}}