{"id":6580,"date":"2021-02-10T19:46:36","date_gmt":"2021-02-10T18:46:36","guid":{"rendered":"https:\/\/www.lembach.fr\/mairie\/?p=6580"},"modified":"2021-02-10T19:52:50","modified_gmt":"2021-02-10T18:52:50","slug":"arrete-prefectoral-du-14-janvier-2021-circulation-des-transports-scolaires","status":"publish","type":"post","link":"https:\/\/www.lembach.fr\/mairie\/2021\/02\/10\/arrete-prefectoral-du-14-janvier-2021-circulation-des-transports-scolaires\/","title":{"rendered":"Arr\u00eat\u00e9 pr\u00e9fectoral du 10 f\u00e9vrier 2021 &#8211; Circulation des transports scolaires"},"content":{"rendered":"<p style=\"text-align: center;\"><span style=\"color: #0000ff;\"><strong>\u00a0INFO PREFECTURE<\/strong><\/span><\/p>\n<p style=\"text-align: center;\">\u00a0La circulation des v\u00e9hicules de transport scolaire et de transport collectif d&rsquo;enfants est interdite sur tout le d\u00e9partement du Bas-Rhin le jeudi 11 f\u00e9vrier 2021.<\/p>\n<p>&nbsp;<\/p>\n<p>L&rsquo;arr\u00eat\u00e9 complet en cliquant sur le lien ci-dessous :<\/p>\n<p><a href=\"https:\/\/www.lembach.fr\/mairie\/wp-content\/uploads\/2021\/02\/20210210-AP-interdiction-circulation-transport-scolaire-collectif-denfants-11.02.2021.pdf\" target=\"_blank\" rel=\"noopener\"><img loading=\"lazy\" decoding=\"async\" class=\"alignnone size-full wp-image-6579\" src=\"https:\/\/www.lembach.fr\/mairie\/wp-content\/uploads\/2021\/01\/Capture-decran-2021-01-14-170203.jpg\" alt=\"\" width=\"929\" height=\"468\" srcset=\"https:\/\/www.lembach.fr\/mairie\/wp-content\/uploads\/2021\/01\/Capture-decran-2021-01-14-170203.jpg 929w, https:\/\/www.lembach.fr\/mairie\/wp-content\/uploads\/2021\/01\/Capture-decran-2021-01-14-170203-300x151.jpg 300w, https:\/\/www.lembach.fr\/mairie\/wp-content\/uploads\/2021\/01\/Capture-decran-2021-01-14-170203-768x387.jpg 768w, https:\/\/www.lembach.fr\/mairie\/wp-content\/uploads\/2021\/01\/Capture-decran-2021-01-14-170203-847x427.jpg 847w\" sizes=\"auto, (max-width: 929px) 100vw, 929px\" \/><\/a><\/p>\n","protected":false},"excerpt":{"rendered":"<p>\u00a0INFO PREFECTURE \u00a0La circulation des v\u00e9hicules de transport scolaire et de transport collectif d&rsquo;enfants est interdite sur tout le d\u00e9partement du Bas-Rhin le jeudi 11 f\u00e9vrier 2021. &nbsp; L&rsquo;arr\u00eat\u00e9 complet en cliquant sur le lien ci-dessous :<\/p>\n","protected":false},"author":5,"featured_media":0,"comment_status":"closed","ping_status":"closed","sticky":false,"template":"","format":"standard","meta":{"footnotes":""},"categories":[12],"tags":[],"class_list":["post-6580","post","type-post","status-publish","format-standard","hentry","category-informations","item-wrap"],"_links":{"self":[{"href":"https:\/\/www.lembach.fr\/mairie\/wp-json\/wp\/v2\/posts\/6580","targetHints":{"allow":["GET"]}}],"collection":[{"href":"https:\/\/www.lembach.fr\/mairie\/wp-json\/wp\/v2\/posts"}],"about":[{"href":"https:\/\/www.lembach.fr\/mairie\/wp-json\/wp\/v2\/types\/post"}],"author":[{"embeddable":true,"href":"https:\/\/www.lembach.fr\/mairie\/wp-json\/wp\/v2\/users\/5"}],"replies":[{"embeddable":true,"href":"https:\/\/www.lembach.fr\/mairie\/wp-json\/wp\/v2\/comments?post=6580"}],"version-history":[{"count":0,"href":"https:\/\/www.lembach.fr\/mairie\/wp-json\/wp\/v2\/posts\/6580\/revisions"}],"wp:attachment":[{"href":"https:\/\/www.lembach.fr\/mairie\/wp-json\/wp\/v2\/media?parent=6580"}],"wp:term":[{"taxonomy":"category","embeddable":true,"href":"https:\/\/www.lembach.fr\/mairie\/wp-json\/wp\/v2\/categories?post=6580"},{"taxonomy":"post_tag","embeddable":true,"href":"https:\/\/www.lembach.fr\/mairie\/wp-json\/wp\/v2\/tags?post=6580"}],"curies":[{"name":"wp","href":"https:\/\/api.w.org\/{rel}","templated":true}]}}