{"id":6503,"date":"2020-12-07T09:48:01","date_gmt":"2020-12-07T08:48:01","guid":{"rendered":"https:\/\/www.lembach.fr\/mairie\/?p=6503"},"modified":"2020-12-07T09:48:01","modified_gmt":"2020-12-07T08:48:01","slug":"covid-19-decisions-sanitaires-pour-le-sport","status":"publish","type":"post","link":"https:\/\/www.lembach.fr\/mairie\/2020\/12\/07\/covid-19-decisions-sanitaires-pour-le-sport\/","title":{"rendered":"Covid 19 &#8211; D\u00e9cisions sanitaires pour le sport"},"content":{"rendered":"<p>&nbsp;<\/p>\n<p>En cliquant sur le lien ci-dessous, vous trouverez les d\u00e9clinaisons des d\u00e9cisions sanitaires pour le sport &#8211; valables du 28 novembre au 15 d\u00e9cembre 2020 :<\/p>\n<p><a href=\"https:\/\/www.lembach.fr\/mairie\/wp-content\/uploads\/2020\/12\/2020-11-28-declinaison-decisions-sanitaires-pour-le-sport-MS-tableau-recapitulatif-1.pdf\" target=\"_blank\" rel=\"noopener noreferrer\"><img loading=\"lazy\" decoding=\"async\" class=\"size-full wp-image-6505 aligncenter\" src=\"https:\/\/www.lembach.fr\/mairie\/wp-content\/uploads\/2020\/12\/lien-minister-des-sports.jpg\" alt=\"\" width=\"161\" height=\"97\" \/><\/a><\/p>\n","protected":false},"excerpt":{"rendered":"<p>&nbsp; En cliquant sur le lien ci-dessous, vous trouverez les d\u00e9clinaisons des d\u00e9cisions sanitaires pour le sport &#8211; valables du 28 novembre au 15 d\u00e9cembre 2020 :<\/p>\n","protected":false},"author":5,"featured_media":0,"comment_status":"closed","ping_status":"closed","sticky":false,"template":"","format":"standard","meta":{"footnotes":""},"categories":[24],"tags":[],"class_list":["post-6503","post","type-post","status-publish","format-standard","hentry","category-covid-19","item-wrap"],"_links":{"self":[{"href":"https:\/\/www.lembach.fr\/mairie\/wp-json\/wp\/v2\/posts\/6503","targetHints":{"allow":["GET"]}}],"collection":[{"href":"https:\/\/www.lembach.fr\/mairie\/wp-json\/wp\/v2\/posts"}],"about":[{"href":"https:\/\/www.lembach.fr\/mairie\/wp-json\/wp\/v2\/types\/post"}],"author":[{"embeddable":true,"href":"https:\/\/www.lembach.fr\/mairie\/wp-json\/wp\/v2\/users\/5"}],"replies":[{"embeddable":true,"href":"https:\/\/www.lembach.fr\/mairie\/wp-json\/wp\/v2\/comments?post=6503"}],"version-history":[{"count":0,"href":"https:\/\/www.lembach.fr\/mairie\/wp-json\/wp\/v2\/posts\/6503\/revisions"}],"wp:attachment":[{"href":"https:\/\/www.lembach.fr\/mairie\/wp-json\/wp\/v2\/media?parent=6503"}],"wp:term":[{"taxonomy":"category","embeddable":true,"href":"https:\/\/www.lembach.fr\/mairie\/wp-json\/wp\/v2\/categories?post=6503"},{"taxonomy":"post_tag","embeddable":true,"href":"https:\/\/www.lembach.fr\/mairie\/wp-json\/wp\/v2\/tags?post=6503"}],"curies":[{"name":"wp","href":"https:\/\/api.w.org\/{rel}","templated":true}]}}