{"id":6437,"date":"2020-11-17T10:53:28","date_gmt":"2020-11-17T09:53:28","guid":{"rendered":"https:\/\/www.lembach.fr\/mairie\/?p=6437"},"modified":"2020-11-17T10:56:19","modified_gmt":"2020-11-17T09:56:19","slug":"la-fibre-a-lembach","status":"publish","type":"post","link":"https:\/\/www.lembach.fr\/mairie\/2020\/11\/17\/la-fibre-a-lembach\/","title":{"rendered":"La Fibre \u00e0 Lembach"},"content":{"rendered":"<p>&nbsp;<\/p>\n<p>Petit \u00e0 petit la fibre s&rsquo;installe dans notre commune.<\/p>\n<p>Trouvez plus d&rsquo;informations (votre \u00e9ligibilit\u00e9, un test de d\u00e9bit, &#8230;) en cliquant sur le lien ci-dessous :<\/p>\n<p><a href=\"https:\/\/www.rosace-fibre.fr\/\" target=\"_blank\" rel=\"noopener noreferrer\"><img loading=\"lazy\" decoding=\"async\" class=\"size-full wp-image-6441 aligncenter\" src=\"https:\/\/www.lembach.fr\/mairie\/wp-content\/uploads\/2020\/11\/lien-rosace.jpg\" alt=\"\" width=\"261\" height=\"61\" \/><\/a><\/p>\n<p>&nbsp;<\/p>\n<p><strong><em>Vous avez des questions?\u00a0<\/em><\/strong><\/p>\n<p style=\"text-align: center;\"><strong>Contact pour les particuliers :<\/strong><\/p>\n<p style=\"text-align: center;\"><a href=\"https:\/\/www.rosace-fibre.fr\/le-projet\/contactez-nous\/\" target=\"_blank\" rel=\"noopener noreferrer\">https:\/\/www.rosace-fibre.fr\/contact<\/a><\/p>\n<p style=\"text-align: center;\">03 68 67 00 00<\/p>\n<p>&nbsp;<\/p>\n<p>&nbsp;<\/p>\n","protected":false},"excerpt":{"rendered":"<p>&nbsp; Petit \u00e0 petit la fibre s&rsquo;installe dans notre commune. Trouvez plus d&rsquo;informations (votre \u00e9ligibilit\u00e9, un test de d\u00e9bit, &#8230;) en cliquant sur le lien ci-dessous : &nbsp; Vous avez des questions?\u00a0 Contact pour les particuliers : https:\/\/www.rosace-fibre.fr\/contact 03 68 67 00 00 &nbsp; &nbsp;<\/p>\n","protected":false},"author":5,"featured_media":0,"comment_status":"closed","ping_status":"closed","sticky":false,"template":"","format":"standard","meta":{"footnotes":""},"categories":[12,18,16],"tags":[],"class_list":["post-6437","post","type-post","status-publish","format-standard","hentry","category-informations","category-multimedia","category-technologie","item-wrap"],"_links":{"self":[{"href":"https:\/\/www.lembach.fr\/mairie\/wp-json\/wp\/v2\/posts\/6437","targetHints":{"allow":["GET"]}}],"collection":[{"href":"https:\/\/www.lembach.fr\/mairie\/wp-json\/wp\/v2\/posts"}],"about":[{"href":"https:\/\/www.lembach.fr\/mairie\/wp-json\/wp\/v2\/types\/post"}],"author":[{"embeddable":true,"href":"https:\/\/www.lembach.fr\/mairie\/wp-json\/wp\/v2\/users\/5"}],"replies":[{"embeddable":true,"href":"https:\/\/www.lembach.fr\/mairie\/wp-json\/wp\/v2\/comments?post=6437"}],"version-history":[{"count":0,"href":"https:\/\/www.lembach.fr\/mairie\/wp-json\/wp\/v2\/posts\/6437\/revisions"}],"wp:attachment":[{"href":"https:\/\/www.lembach.fr\/mairie\/wp-json\/wp\/v2\/media?parent=6437"}],"wp:term":[{"taxonomy":"category","embeddable":true,"href":"https:\/\/www.lembach.fr\/mairie\/wp-json\/wp\/v2\/categories?post=6437"},{"taxonomy":"post_tag","embeddable":true,"href":"https:\/\/www.lembach.fr\/mairie\/wp-json\/wp\/v2\/tags?post=6437"}],"curies":[{"name":"wp","href":"https:\/\/api.w.org\/{rel}","templated":true}]}}