{"id":6419,"date":"2020-12-24T09:00:51","date_gmt":"2020-12-24T08:00:51","guid":{"rendered":"https:\/\/www.lembach.fr\/mairie\/?p=6419"},"modified":"2020-12-24T09:18:17","modified_gmt":"2020-12-24T08:18:17","slug":"covid-19-decheterie","status":"publish","type":"post","link":"https:\/\/www.lembach.fr\/mairie\/2020\/12\/24\/covid-19-decheterie\/","title":{"rendered":"Ouverture de la d\u00e9ch\u00e8terie pendant les f\u00eates de fin d&rsquo;ann\u00e9e"},"content":{"rendered":"<p>&nbsp;<\/p>\n<p>La d\u00e9ch\u00e8terie de Lembach sera ferm\u00e9e :<\/p>\n<ul>\n<li>du 24 d\u00e9cembre \u00e0 partir de 11h45 au 28 d\u00e9cembre inclus<\/li>\n<li>du 31 d\u00e9cembre au 4 janvier inclus<\/li>\n<\/ul>\n<p>&nbsp;<\/p>\n<p>Elle sera ouverte :<\/p>\n<ul>\n<li>les 29 et 30 d\u00e9cembre toute la journ\u00e9e aux horaires habituels<\/li>\n<\/ul>\n<p>&nbsp;<\/p>\n<p><a href=\"https:\/\/www.lembach.fr\/mairie\/wp-content\/uploads\/2020\/11\/image003.png\"><img loading=\"lazy\" decoding=\"async\" class=\"size-full wp-image-6421 aligncenter\" src=\"https:\/\/www.lembach.fr\/mairie\/wp-content\/uploads\/2020\/11\/image003.png\" alt=\"\" width=\"211\" height=\"183\" \/><\/a><\/p>\n<p>&nbsp;<\/p>\n<p>&nbsp;<\/p>\n","protected":false},"excerpt":{"rendered":"<p>&nbsp; La d\u00e9ch\u00e8terie de Lembach sera ferm\u00e9e : du 24 d\u00e9cembre \u00e0 partir de 11h45 au 28 d\u00e9cembre inclus du 31 d\u00e9cembre au 4 janvier inclus &nbsp; Elle sera ouverte : les 29 et 30 d\u00e9cembre toute la journ\u00e9e aux horaires habituels &nbsp; &nbsp; &nbsp;<\/p>\n","protected":false},"author":5,"featured_media":0,"comment_status":"closed","ping_status":"closed","sticky":false,"template":"","format":"standard","meta":{"footnotes":""},"categories":[12],"tags":[],"class_list":["post-6419","post","type-post","status-publish","format-standard","hentry","category-informations","item-wrap"],"_links":{"self":[{"href":"https:\/\/www.lembach.fr\/mairie\/wp-json\/wp\/v2\/posts\/6419","targetHints":{"allow":["GET"]}}],"collection":[{"href":"https:\/\/www.lembach.fr\/mairie\/wp-json\/wp\/v2\/posts"}],"about":[{"href":"https:\/\/www.lembach.fr\/mairie\/wp-json\/wp\/v2\/types\/post"}],"author":[{"embeddable":true,"href":"https:\/\/www.lembach.fr\/mairie\/wp-json\/wp\/v2\/users\/5"}],"replies":[{"embeddable":true,"href":"https:\/\/www.lembach.fr\/mairie\/wp-json\/wp\/v2\/comments?post=6419"}],"version-history":[{"count":0,"href":"https:\/\/www.lembach.fr\/mairie\/wp-json\/wp\/v2\/posts\/6419\/revisions"}],"wp:attachment":[{"href":"https:\/\/www.lembach.fr\/mairie\/wp-json\/wp\/v2\/media?parent=6419"}],"wp:term":[{"taxonomy":"category","embeddable":true,"href":"https:\/\/www.lembach.fr\/mairie\/wp-json\/wp\/v2\/categories?post=6419"},{"taxonomy":"post_tag","embeddable":true,"href":"https:\/\/www.lembach.fr\/mairie\/wp-json\/wp\/v2\/tags?post=6419"}],"curies":[{"name":"wp","href":"https:\/\/api.w.org\/{rel}","templated":true}]}}