{"id":6405,"date":"2020-11-10T16:02:16","date_gmt":"2020-11-10T15:02:16","guid":{"rendered":"https:\/\/www.lembach.fr\/mairie\/?p=6405"},"modified":"2020-11-12T08:20:44","modified_gmt":"2020-11-12T07:20:44","slug":"pollution-atmospherique-arrete-prefectoral-du-10-novembre-2020","status":"publish","type":"post","link":"https:\/\/www.lembach.fr\/mairie\/2020\/11\/10\/pollution-atmospherique-arrete-prefectoral-du-10-novembre-2020\/","title":{"rendered":"Pollution atmosph\u00e9rique &#8211; Arr\u00eat\u00e9 pr\u00e9fectoral du 10 novembre 2020"},"content":{"rendered":"<p>&nbsp;<\/p>\n<p>Jeudi 12 novembre : la Pr\u00e9fecture nous informe de la <strong>lev\u00e9e de toutes les proc\u00e9dures<\/strong><\/p>\n<p>&nbsp;<\/p>\n<p>&nbsp;<\/p>\n<p>Veuillez trouvez ci-dessous l&rsquo;arr\u00eat\u00e9 pr\u00e9fectoral portant mise en \u0153uvre des mesures d&rsquo;urgence compl\u00e9mentaires suite au pic de pollution atmosph\u00e9rique du type \u00ab\u00a0Mixte\u00a0\u00bb :<\/p>\n<p><a href=\"https:\/\/www.lembach.fr\/mairie\/wp-content\/uploads\/2020\/11\/2020.11.10-AP-renforcement-mesures-pollution-11.11.20-signe.pdf\" target=\"_blank\" rel=\"noopener noreferrer\"><img loading=\"lazy\" decoding=\"async\" class=\"size-full wp-image-6407 aligncenter\" src=\"https:\/\/www.lembach.fr\/mairie\/wp-content\/uploads\/2020\/11\/lien-arrete-prefectoral.jpg\" alt=\"\" width=\"541\" height=\"202\" srcset=\"https:\/\/www.lembach.fr\/mairie\/wp-content\/uploads\/2020\/11\/lien-arrete-prefectoral.jpg 541w, https:\/\/www.lembach.fr\/mairie\/wp-content\/uploads\/2020\/11\/lien-arrete-prefectoral-300x112.jpg 300w\" sizes=\"auto, (max-width: 541px) 100vw, 541px\" \/><\/a><\/p>\n","protected":false},"excerpt":{"rendered":"<p>&nbsp; Jeudi 12 novembre : la Pr\u00e9fecture nous informe de la lev\u00e9e de toutes les proc\u00e9dures &nbsp; &nbsp; Veuillez trouvez ci-dessous l&rsquo;arr\u00eat\u00e9 pr\u00e9fectoral portant mise en \u0153uvre des mesures d&rsquo;urgence compl\u00e9mentaires suite au pic de pollution atmosph\u00e9rique du type \u00ab\u00a0Mixte\u00a0\u00bb :<\/p>\n","protected":false},"author":5,"featured_media":0,"comment_status":"closed","ping_status":"closed","sticky":false,"template":"","format":"standard","meta":{"footnotes":""},"categories":[12],"tags":[],"class_list":["post-6405","post","type-post","status-publish","format-standard","hentry","category-informations","item-wrap"],"_links":{"self":[{"href":"https:\/\/www.lembach.fr\/mairie\/wp-json\/wp\/v2\/posts\/6405","targetHints":{"allow":["GET"]}}],"collection":[{"href":"https:\/\/www.lembach.fr\/mairie\/wp-json\/wp\/v2\/posts"}],"about":[{"href":"https:\/\/www.lembach.fr\/mairie\/wp-json\/wp\/v2\/types\/post"}],"author":[{"embeddable":true,"href":"https:\/\/www.lembach.fr\/mairie\/wp-json\/wp\/v2\/users\/5"}],"replies":[{"embeddable":true,"href":"https:\/\/www.lembach.fr\/mairie\/wp-json\/wp\/v2\/comments?post=6405"}],"version-history":[{"count":0,"href":"https:\/\/www.lembach.fr\/mairie\/wp-json\/wp\/v2\/posts\/6405\/revisions"}],"wp:attachment":[{"href":"https:\/\/www.lembach.fr\/mairie\/wp-json\/wp\/v2\/media?parent=6405"}],"wp:term":[{"taxonomy":"category","embeddable":true,"href":"https:\/\/www.lembach.fr\/mairie\/wp-json\/wp\/v2\/categories?post=6405"},{"taxonomy":"post_tag","embeddable":true,"href":"https:\/\/www.lembach.fr\/mairie\/wp-json\/wp\/v2\/tags?post=6405"}],"curies":[{"name":"wp","href":"https:\/\/api.w.org\/{rel}","templated":true}]}}