{"id":6339,"date":"2020-10-19T16:58:31","date_gmt":"2020-10-19T14:58:31","guid":{"rendered":"https:\/\/www.lembach.fr\/mairie\/?p=6339"},"modified":"2020-10-25T20:46:31","modified_gmt":"2020-10-25T19:46:31","slug":"covid-19-arrete-prefectoral-du-17-octobre-2020","status":"publish","type":"post","link":"https:\/\/www.lembach.fr\/mairie\/2020\/10\/19\/covid-19-arrete-prefectoral-du-17-octobre-2020\/","title":{"rendered":"Covid-19 : Arr\u00eat\u00e9 pr\u00e9fectoral du 17 octobre 2020"},"content":{"rendered":"<p style=\"text-align: center;\">Veuillez trouvez ci-dessous<br \/>\nl\u2019arr\u00eat\u00e9 pr\u00e9fectoral du 17 octobre 2020<br \/>\nimposant le port du masque<br \/>\npour\u00a0 les personnes\u00a0 de\u00a0 11\u00a0 ans\u00a0 et\u00a0 plus<a href=\"https:\/\/www.lembach.fr\/mairie\/wp-content\/uploads\/2020\/10\/2020.10.17-AP.pdf\" target=\"_blank\" rel=\"noopener noreferrer\"><img loading=\"lazy\" decoding=\"async\" class=\"size-medium wp-image-6342 aligncenter\" src=\"https:\/\/www.lembach.fr\/mairie\/wp-content\/uploads\/2020\/10\/En-tete-prefecture-300x80.png\" alt=\"\" width=\"300\" height=\"80\" srcset=\"https:\/\/www.lembach.fr\/mairie\/wp-content\/uploads\/2020\/10\/En-tete-prefecture-300x80.png 300w, https:\/\/www.lembach.fr\/mairie\/wp-content\/uploads\/2020\/10\/En-tete-prefecture.png 499w\" sizes=\"auto, (max-width: 300px) 100vw, 300px\" \/><\/a><\/p>\n","protected":false},"excerpt":{"rendered":"<p>Veuillez trouvez ci-dessous l\u2019arr\u00eat\u00e9 pr\u00e9fectoral du 17 octobre 2020 imposant le port du masque pour\u00a0 les personnes\u00a0 de\u00a0 11\u00a0 ans\u00a0 et\u00a0 plus<\/p>\n","protected":false},"author":5,"featured_media":0,"comment_status":"closed","ping_status":"closed","sticky":false,"template":"","format":"standard","meta":{"footnotes":""},"categories":[24],"tags":[],"class_list":["post-6339","post","type-post","status-publish","format-standard","hentry","category-covid-19","item-wrap"],"_links":{"self":[{"href":"https:\/\/www.lembach.fr\/mairie\/wp-json\/wp\/v2\/posts\/6339","targetHints":{"allow":["GET"]}}],"collection":[{"href":"https:\/\/www.lembach.fr\/mairie\/wp-json\/wp\/v2\/posts"}],"about":[{"href":"https:\/\/www.lembach.fr\/mairie\/wp-json\/wp\/v2\/types\/post"}],"author":[{"embeddable":true,"href":"https:\/\/www.lembach.fr\/mairie\/wp-json\/wp\/v2\/users\/5"}],"replies":[{"embeddable":true,"href":"https:\/\/www.lembach.fr\/mairie\/wp-json\/wp\/v2\/comments?post=6339"}],"version-history":[{"count":0,"href":"https:\/\/www.lembach.fr\/mairie\/wp-json\/wp\/v2\/posts\/6339\/revisions"}],"wp:attachment":[{"href":"https:\/\/www.lembach.fr\/mairie\/wp-json\/wp\/v2\/media?parent=6339"}],"wp:term":[{"taxonomy":"category","embeddable":true,"href":"https:\/\/www.lembach.fr\/mairie\/wp-json\/wp\/v2\/categories?post=6339"},{"taxonomy":"post_tag","embeddable":true,"href":"https:\/\/www.lembach.fr\/mairie\/wp-json\/wp\/v2\/tags?post=6339"}],"curies":[{"name":"wp","href":"https:\/\/api.w.org\/{rel}","templated":true}]}}