{"id":6120,"date":"2020-05-01T13:47:56","date_gmt":"2020-05-01T11:47:56","guid":{"rendered":"https:\/\/www.lembach.fr\/mairie\/?p=6120"},"modified":"2020-05-01T17:14:32","modified_gmt":"2020-05-01T15:14:32","slug":"covid-19-dechetterie-et-reprise-dactivite","status":"publish","type":"post","link":"https:\/\/www.lembach.fr\/mairie\/2020\/05\/01\/covid-19-dechetterie-et-reprise-dactivite\/","title":{"rendered":"COVID-19 : d\u00e9chetterie (reprise d&rsquo;activit\u00e9)"},"content":{"rendered":"<p>Veuillez trouver ci-joint les informations relatives \u00e0 la r\u00e9ouverture des d\u00e9ch\u00e8teries du SMICTOM Nord Alsace.<\/p>\n<p style=\"text-align: center;\"><a href=\"https:\/\/www.lembach.fr\/mairie\/wp-content\/uploads\/2020\/05\/dechetterie_consignes.pdf\" target=\"_blank\" rel=\"noopener noreferrer\">Plan de reprise<\/a><\/p>\n<p style=\"text-align: center;\"><a href=\"https:\/\/www.lembach.fr\/mairie\/wp-content\/uploads\/2020\/05\/dechetterie_plan_de_reprise.pdf\" target=\"_blank\" rel=\"noopener noreferrer\"><img loading=\"lazy\" decoding=\"async\" class=\"aligncenter size-full wp-image-6124 style=\" style=\"border: 1px solid #000000; padding: 3px; margin: 3px;\" src=\"https:\/\/www.lembach.fr\/mairie\/wp-content\/uploads\/2020\/05\/dechetterie_plan_de_reprise.jpg\" alt=\"\" width=\"640\" height=\"311\" border=\"10\" srcset=\"https:\/\/www.lembach.fr\/mairie\/wp-content\/uploads\/2020\/05\/dechetterie_plan_de_reprise.jpg 640w, https:\/\/www.lembach.fr\/mairie\/wp-content\/uploads\/2020\/05\/dechetterie_plan_de_reprise-300x146.jpg 300w\" sizes=\"auto, (max-width: 640px) 100vw, 640px\" \/><\/a><\/p>\n<p style=\"text-align: center;\"><a href=\"https:\/\/www.lembach.fr\/mairie\/wp-content\/uploads\/2020\/05\/dechetterie_consignes.pdf\" target=\"_blank\" rel=\"noopener noreferrer\">Consignes aux usagers<\/a><\/p>\n<p style=\"text-align: center;\"><a href=\"https:\/\/www.lembach.fr\/mairie\/wp-content\/uploads\/2020\/05\/dechetterie_consignes.pdf\" target=\"_blank\" rel=\"noopener noreferrer\"><img loading=\"lazy\" decoding=\"async\" class=\"aligncenter size-full wp-image-6122 style=\" style=\"border: 1px solid #000000; padding: 3px; margin: 3px;\" src=\"https:\/\/www.lembach.fr\/mairie\/wp-content\/uploads\/2020\/05\/dechetterie_consignes.jpg\" alt=\"\" width=\"640\" height=\"184\" border=\"10\" srcset=\"https:\/\/www.lembach.fr\/mairie\/wp-content\/uploads\/2020\/05\/dechetterie_consignes.jpg 640w, https:\/\/www.lembach.fr\/mairie\/wp-content\/uploads\/2020\/05\/dechetterie_consignes-300x86.jpg 300w\" sizes=\"auto, (max-width: 640px) 100vw, 640px\" \/><\/a><\/p>\n<p>&nbsp;<\/p>\n","protected":false},"excerpt":{"rendered":"<p>Veuillez trouver ci-joint les informations relatives \u00e0 la r\u00e9ouverture des d\u00e9ch\u00e8teries du SMICTOM Nord Alsace. Plan de reprise Consignes aux usagers &nbsp;<\/p>\n","protected":false},"author":1,"featured_media":0,"comment_status":"closed","ping_status":"closed","sticky":false,"template":"","format":"standard","meta":{"footnotes":""},"categories":[24],"tags":[],"class_list":["post-6120","post","type-post","status-publish","format-standard","hentry","category-covid-19","item-wrap"],"_links":{"self":[{"href":"https:\/\/www.lembach.fr\/mairie\/wp-json\/wp\/v2\/posts\/6120","targetHints":{"allow":["GET"]}}],"collection":[{"href":"https:\/\/www.lembach.fr\/mairie\/wp-json\/wp\/v2\/posts"}],"about":[{"href":"https:\/\/www.lembach.fr\/mairie\/wp-json\/wp\/v2\/types\/post"}],"author":[{"embeddable":true,"href":"https:\/\/www.lembach.fr\/mairie\/wp-json\/wp\/v2\/users\/1"}],"replies":[{"embeddable":true,"href":"https:\/\/www.lembach.fr\/mairie\/wp-json\/wp\/v2\/comments?post=6120"}],"version-history":[{"count":0,"href":"https:\/\/www.lembach.fr\/mairie\/wp-json\/wp\/v2\/posts\/6120\/revisions"}],"wp:attachment":[{"href":"https:\/\/www.lembach.fr\/mairie\/wp-json\/wp\/v2\/media?parent=6120"}],"wp:term":[{"taxonomy":"category","embeddable":true,"href":"https:\/\/www.lembach.fr\/mairie\/wp-json\/wp\/v2\/categories?post=6120"},{"taxonomy":"post_tag","embeddable":true,"href":"https:\/\/www.lembach.fr\/mairie\/wp-json\/wp\/v2\/tags?post=6120"}],"curies":[{"name":"wp","href":"https:\/\/api.w.org\/{rel}","templated":true}]}}