{"id":6087,"date":"2020-04-16T21:49:21","date_gmt":"2020-04-16T19:49:21","guid":{"rendered":"https:\/\/www.lembach.fr\/mairie\/?p=6087"},"modified":"2020-04-16T21:50:03","modified_gmt":"2020-04-16T19:50:03","slug":"ftth-fibre-rosace","status":"publish","type":"post","link":"https:\/\/www.lembach.fr\/mairie\/2020\/04\/16\/ftth-fibre-rosace\/","title":{"rendered":"FTTH : annonce r\u00e9gion Grand Est"},"content":{"rendered":"<p>Voici le communiqu\u00e9 de presse de la R\u00e9gion Grand Est relatif \u00e0<b> l\u2019ouverture commerciale du Tr\u00e8s Haut D\u00e9bit sur le territoire alsacien<\/b> (clic sur l&rsquo;image ci-dessous :<b><br \/>\n<\/b><\/p>\n<p><a href=\"https:\/\/www.grandest.fr\/wp-content\/uploads\/2020\/04\/04-16-20-cpresse-annonce-ouvertures-commerciales-thd-alsace.pdf\" target=\"_blank\" rel=\"noopener noreferrer\"><img loading=\"lazy\" decoding=\"async\" class=\"aligncenter size-full wp-image-6088\" src=\"https:\/\/www.lembach.fr\/mairie\/wp-content\/uploads\/2020\/04\/communique_presse_fibre.jpg\" alt=\"\" width=\"500\" height=\"143\" srcset=\"https:\/\/www.lembach.fr\/mairie\/wp-content\/uploads\/2020\/04\/communique_presse_fibre.jpg 500w, https:\/\/www.lembach.fr\/mairie\/wp-content\/uploads\/2020\/04\/communique_presse_fibre-300x86.jpg 300w\" sizes=\"auto, (max-width: 500px) 100vw, 500px\" \/><\/a><\/p>\n","protected":false},"excerpt":{"rendered":"<p>Voici le communiqu\u00e9 de presse de la R\u00e9gion Grand Est relatif \u00e0 l\u2019ouverture commerciale du Tr\u00e8s Haut D\u00e9bit sur le territoire alsacien (clic sur l&rsquo;image ci-dessous :<\/p>\n","protected":false},"author":1,"featured_media":0,"comment_status":"closed","ping_status":"closed","sticky":false,"template":"","format":"standard","meta":{"footnotes":""},"categories":[16],"tags":[],"class_list":["post-6087","post","type-post","status-publish","format-standard","hentry","category-technologie","item-wrap"],"_links":{"self":[{"href":"https:\/\/www.lembach.fr\/mairie\/wp-json\/wp\/v2\/posts\/6087","targetHints":{"allow":["GET"]}}],"collection":[{"href":"https:\/\/www.lembach.fr\/mairie\/wp-json\/wp\/v2\/posts"}],"about":[{"href":"https:\/\/www.lembach.fr\/mairie\/wp-json\/wp\/v2\/types\/post"}],"author":[{"embeddable":true,"href":"https:\/\/www.lembach.fr\/mairie\/wp-json\/wp\/v2\/users\/1"}],"replies":[{"embeddable":true,"href":"https:\/\/www.lembach.fr\/mairie\/wp-json\/wp\/v2\/comments?post=6087"}],"version-history":[{"count":0,"href":"https:\/\/www.lembach.fr\/mairie\/wp-json\/wp\/v2\/posts\/6087\/revisions"}],"wp:attachment":[{"href":"https:\/\/www.lembach.fr\/mairie\/wp-json\/wp\/v2\/media?parent=6087"}],"wp:term":[{"taxonomy":"category","embeddable":true,"href":"https:\/\/www.lembach.fr\/mairie\/wp-json\/wp\/v2\/categories?post=6087"},{"taxonomy":"post_tag","embeddable":true,"href":"https:\/\/www.lembach.fr\/mairie\/wp-json\/wp\/v2\/tags?post=6087"}],"curies":[{"name":"wp","href":"https:\/\/api.w.org\/{rel}","templated":true}]}}