{"id":6082,"date":"2020-04-14T15:42:55","date_gmt":"2020-04-14T13:42:55","guid":{"rendered":"https:\/\/www.lembach.fr\/mairie\/?p=6082"},"modified":"2020-04-14T15:42:55","modified_gmt":"2020-04-14T13:42:55","slug":"fonds-resistance","status":"publish","type":"post","link":"https:\/\/www.lembach.fr\/mairie\/2020\/04\/14\/fonds-resistance\/","title":{"rendered":"Fonds R\u00e9sistance"},"content":{"rendered":"<h4>La communaut\u00e9 de communes Sauer-Pechelbronn se mobilise pour soutenir les acteurs \u00e9conomiques impact\u00e9s par la crise sanitaire en contribuant au nouveau \u00ab\u00a0Fonds R\u00e9sistance Grand Est\u00a0\u00bb.<\/h4>\n<p><em>&#8211; Vous \u00eates une entreprise de moins de 10 salari\u00e9s ou une association de moins de 20 salari\u00e9s ?<\/em><br \/>\n<em>&#8211; Vous \u00eates immatricul\u00e9 dans une des communes de la Communaut\u00e9 de communes Sauer-Pechelbronn ?<\/em><br \/>\n<em>&#8211; Vous avez subi une perte d\u2019au moins 50% de votre chiffre d\u2019affaires sur les 60 derniers jours ?<\/em><br \/>\n<em>&#8211;\u00a0 Vous rencontrez un besoin urgent de tr\u00e9sorerie sup\u00e9rieur \u00e0 5000\u20ac pour assurer le maintien ou le red\u00e9marrage de votre activit\u00e9 ?<\/em><br \/>\n<em>&#8211; Vous ne b\u00e9n\u00e9ficiez d\u2019aucune solution bancaire ?<\/em><\/p>\n<h4 style=\"text-align: center;\">Nous pouvons vous aider \u00e0 obtenir une avance de tr\u00e9sorerie remboursable.<\/h4>\n<p><em>&#8211; Vous souhaitez obtenir plus d\u2019informations pour savoir si vous \u00eates \u00e9ligibles \u00e0 ce nouveau dispositif ?<\/em><br \/>\n<em>&#8211; Vous souhaitez d\u00e9poser votre demande ?<\/em><br \/>\n<em>&#8211; Vous rencontrez d\u2019autres difficult\u00e9s ?<\/em><\/p>\n<h4 style=\"text-align: center;\">Contactez notre charg\u00e9 de mission \u00e9conomie \u00e0 l\u2019adresse suivante :<br \/>\n<a href=\"mailto:jean-baptiste.kern@sauer-pechelbronn.fr\">jean-baptiste.kern@sauer-pechelbronn.fr<\/a><\/h4>\n<p style=\"text-align: center;\"><img loading=\"lazy\" decoding=\"async\" class=\"aligncenter size-full wp-image-6083\" src=\"https:\/\/www.lembach.fr\/mairie\/wp-content\/uploads\/2020\/04\/Fonds_Resistance.jpg\" alt=\"\" width=\"640\" height=\"480\" srcset=\"https:\/\/www.lembach.fr\/mairie\/wp-content\/uploads\/2020\/04\/Fonds_Resistance.jpg 640w, https:\/\/www.lembach.fr\/mairie\/wp-content\/uploads\/2020\/04\/Fonds_Resistance-300x225.jpg 300w\" sizes=\"auto, (max-width: 640px) 100vw, 640px\" \/><\/p>\n","protected":false},"excerpt":{"rendered":"<p>La communaut\u00e9 de communes Sauer-Pechelbronn se mobilise pour soutenir les acteurs \u00e9conomiques impact\u00e9s par la crise sanitaire en contribuant au nouveau \u00ab\u00a0Fonds R\u00e9sistance Grand Est\u00a0\u00bb. &#8211; Vous \u00eates une entreprise de moins de 10 salari\u00e9s ou une association de moins de 20 salari\u00e9s ? &#8211; Vous \u00eates immatricul\u00e9 dans une des communes de la Communaut\u00e9 &hellip; <\/p>\n<p><a class=\"more-link btn\" href=\"https:\/\/www.lembach.fr\/mairie\/2020\/04\/14\/fonds-resistance\/\">Lire la suite<\/a><\/p>\n","protected":false},"author":1,"featured_media":0,"comment_status":"closed","ping_status":"closed","sticky":false,"template":"","format":"standard","meta":{"footnotes":""},"categories":[12],"tags":[],"class_list":["post-6082","post","type-post","status-publish","format-standard","hentry","category-informations","item-wrap"],"_links":{"self":[{"href":"https:\/\/www.lembach.fr\/mairie\/wp-json\/wp\/v2\/posts\/6082","targetHints":{"allow":["GET"]}}],"collection":[{"href":"https:\/\/www.lembach.fr\/mairie\/wp-json\/wp\/v2\/posts"}],"about":[{"href":"https:\/\/www.lembach.fr\/mairie\/wp-json\/wp\/v2\/types\/post"}],"author":[{"embeddable":true,"href":"https:\/\/www.lembach.fr\/mairie\/wp-json\/wp\/v2\/users\/1"}],"replies":[{"embeddable":true,"href":"https:\/\/www.lembach.fr\/mairie\/wp-json\/wp\/v2\/comments?post=6082"}],"version-history":[{"count":0,"href":"https:\/\/www.lembach.fr\/mairie\/wp-json\/wp\/v2\/posts\/6082\/revisions"}],"wp:attachment":[{"href":"https:\/\/www.lembach.fr\/mairie\/wp-json\/wp\/v2\/media?parent=6082"}],"wp:term":[{"taxonomy":"category","embeddable":true,"href":"https:\/\/www.lembach.fr\/mairie\/wp-json\/wp\/v2\/categories?post=6082"},{"taxonomy":"post_tag","embeddable":true,"href":"https:\/\/www.lembach.fr\/mairie\/wp-json\/wp\/v2\/tags?post=6082"}],"curies":[{"name":"wp","href":"https:\/\/api.w.org\/{rel}","templated":true}]}}