{"id":6015,"date":"2020-03-31T16:00:52","date_gmt":"2020-03-31T14:00:52","guid":{"rendered":"https:\/\/www.lembach.fr\/mairie\/?p=6015"},"modified":"2020-04-08T13:23:02","modified_gmt":"2020-04-08T11:23:02","slug":"panne-demetteur-mobile","status":"publish","type":"post","link":"https:\/\/www.lembach.fr\/mairie\/2020\/03\/31\/panne-demetteur-mobile\/","title":{"rendered":"Panne d&rsquo;antenne (r\u00e9solue)"},"content":{"rendered":"<h4 style=\"text-align: center;\"><strong><span style=\"text-decoration: underline;\"><span style=\"color: #ff0000; text-decoration: underline;\">Panne du relais de r\u00e9seau mobile de Lembach<\/span><\/span><\/strong><\/h4>\n<h4><span style=\"color: #ff0000;\">\u00a0<\/span><\/h4>\n<h3 style=\"text-align: center;\"><span style=\"text-decoration: underline;\"><strong>Fil des infos :<\/strong><\/span><\/h3>\n<h4><span style=\"color: #008000;\">31\/03\/2020 (16h00) : le probl\u00e8me est r\u00e9solu, pourvu que \u00e7a dure&#8230;<\/span><\/h4>\n<h3 style=\"text-align: center;\"><img loading=\"lazy\" decoding=\"async\" class=\"aligncenter size-full wp-image-6028\" src=\"https:\/\/www.lembach.fr\/mairie\/wp-content\/uploads\/2020\/03\/panne_reseau.jpg\" alt=\"\" width=\"500\" height=\"312\" srcset=\"https:\/\/www.lembach.fr\/mairie\/wp-content\/uploads\/2020\/03\/panne_reseau.jpg 500w, https:\/\/www.lembach.fr\/mairie\/wp-content\/uploads\/2020\/03\/panne_reseau-300x187.jpg 300w\" sizes=\"auto, (max-width: 500px) 100vw, 500px\" \/><\/h3>\n<h4>30\/03\/2020 (18h45) : article DNA relatant la panne.<\/h4>\n<p>Dans un article des DNA \u00e0 para\u00eetre demain et relatant la panne signal\u00e9e par le Maire et certains habitants, on nous donne une info nouvelle :<\/p>\n<h5><span style=\"color: #0000ff;\"><em>\u00ab\u00a0Herv\u00e9 Depierre, d\u00e9l\u00e9gu\u00e9 r\u00e9gional pour SFR Altice, a indiqu\u00e9 que la panne a \u00e9t\u00e9 prise en compte : \u00ab Une pi\u00e8ce de l\u2019antenne relais est \u00e0 remplacer. Le changement de pi\u00e8ce sera fait ce mardi 31 mars \u00bb. Il assure que le r\u00e9seau SFR et Bouygues sera de nouveau fonctionnel.\u00a0\u00bb<\/em><\/span><\/h5>\n<h4>30\/03\/2020 : contact de l&rsquo;espace client SFR :<\/h4>\n<h5><span style=\"color: #0000ff;\">-&gt; \u00ab\u00a0L&rsquo;incident est encore en cours de r\u00e9solution. D\u00e9sol\u00e9 bla, bla, bla&#8230;.\u00a0\u00bb<\/span><\/h5>\n<h4>29\/03\/2020 : contact de l&rsquo;espace client SFR :<\/h4>\n<h5><span style=\"color: #0000ff;\">-&gt; \u00ab\u00a0L&rsquo;incident est encore en cours de r\u00e9solution. D\u00e9sol\u00e9 bla, bla, bla&#8230;.\u00a0\u00bb<\/span><\/h5>\n<h4>28\/03\/2020 : contact de l&rsquo;espace client SFR :<\/h4>\n<h5><span style=\"color: #0000ff;\">-&gt; \u00ab\u00a0L&rsquo;incident est encore en cours de r\u00e9solution.\u00a0\u00bb<\/span><\/h5>\n<h4>27\/03\/2020 (9h00) : r\u00e9ponse du service client Bouygues \u00e0 St\u00e9phanie<\/h4>\n<h5><span style=\"color: #0000ff;\"><em>\u00ab\u00a0Apr\u00e8s v\u00e9rification, je constate qu\u2019un incident localis\u00e9 a \u00e9t\u00e9 d\u00e9tect\u00e9. L\u2019incident est en cours d\u2019analyse par nos \u00e9quipes techniques afin de pouvoir le r\u00e9soudre le plus rapidement possible.\u00a0\u00bb<\/em><\/span><\/h5>\n<h4>26\/03\/2020 (10h00) :<\/h4>\n<h5><span style=\"color: #0000ff;\">L&rsquo;assistance de Bouygues contact\u00e9e par St\u00e9phanie au 1064, nous informe que l&rsquo;antenne appartient \u00e0 SFR et qu&rsquo;ils les ont contact\u00e9s. Le dossier est \u00ab\u00a0ouvert\u00a0\u00bb&#8230; SFR a commenc\u00e9 ses investigations&#8230;<\/span><br \/>\n<span style=\"color: #0000ff;\">L&rsquo;op\u00e9ratrice la tiendra dans la mesure du possible au courant des interventions en cours et elle a inform\u00e9 SFR de l&rsquo;urgence&#8230;<\/span><\/h5>\n<h4>26\/03\/2020 : le d\u00e9faut reste indiqu\u00e9 dans la liste des sites mobiles de SFR en maintenance \u00e0 l&rsquo;\u00e9chelon national :<\/h4>\n<h4 style=\"text-align: center;\">voir <a href=\"https:\/\/assistance.sfr.fr\/arceptest.html\" target=\"_blank\" rel=\"noopener noreferrer\">-&gt; ici &lt;-<\/a><\/h4>\n<h4><strong>25\/03\/2020 : bizarrement l&rsquo;info a disparu ce matin du site de SFR&#8230; mais la panne n&rsquo;est pas r\u00e9par\u00e9e pour autant&#8230;<\/strong><\/h4>\n<h4>24\/03\/2020 : la panne est mentionn\u00e9e sur le site de SFR :<\/h4>\n<p><img loading=\"lazy\" decoding=\"async\" class=\"aligncenter size-full wp-image-5980\" src=\"https:\/\/www.lembach.fr\/mairie\/wp-content\/uploads\/2020\/03\/panne_reseau_20200324.jpg\" alt=\"\" width=\"640\" height=\"114\" srcset=\"https:\/\/www.lembach.fr\/mairie\/wp-content\/uploads\/2020\/03\/panne_reseau_20200324.jpg 640w, https:\/\/www.lembach.fr\/mairie\/wp-content\/uploads\/2020\/03\/panne_reseau_20200324-300x53.jpg 300w\" sizes=\"auto, (max-width: 640px) 100vw, 640px\" \/><\/p>\n<h4>23\/03\/2020 : j&rsquo;ai contact\u00e9 RED par le \u00ab\u00a0chat\u00a0\u00bb de mon compte pour signaler le souci. Voici les r\u00e9ponses de l&rsquo;op\u00e9rateur :<\/h4>\n<h5><span style=\"color: #0000ff;\"><em>\u00ab\u00a0Je constate avec regret que l&rsquo;installation situ\u00e9e \u00e0 LEMBACH est en panne, il s&rsquo;agit d&rsquo;un incident g\u00e9n\u00e9ral et une intervention est actuellement en cours. <\/em><em>Cela n&rsquo;est pas normal surtout en p\u00e9riode de confinement et j&rsquo;ajoute votre plainte aux nombres des cas recens\u00e9s.<br \/>\n&#8230;<br \/>\n<\/em><em>J&rsquo;ai fait part de cette situation \u00e0 mon responsable au vu du contexte.<br \/>\n&#8230;<br \/>\n<\/em><em>Je suis conscient et je suis m\u00eame g\u00ean\u00e9 d&rsquo;avoir \u00e0 vous dire qu&rsquo;il s&rsquo;agit d&rsquo;une panne d&rsquo;antenne surtout au vu du contexte actuel. Cette panne g\u00e9n\u00e9rale m&#8217;emp\u00eache d&rsquo;agir imm\u00e9diatement, j&rsquo;esp\u00e8re que le r\u00e9seau sera r\u00e9tabli tr\u00e8s rapidement par SFR.\u00a0\u00bb<\/em><\/span><\/h5>\n<h4><span style=\"color: #ff0000;\">22\/03\/2020 : afin d&rsquo;ajouter encore \u00e0 nos soucis, nous constatons un r\u00e9seau mobile en panne depuis le 22 mars sur Lembach. SFR\/RED, Bouygues\/B&amp;You sont impact\u00e9s pour la voix et la data (4G)&#8230;<\/span><\/h4>\n<p style=\"text-align: right;\">JC Rochelle<\/p>\n","protected":false},"excerpt":{"rendered":"<p>Panne du relais de r\u00e9seau mobile de Lembach \u00a0 Fil des infos : 31\/03\/2020 (16h00) : le probl\u00e8me est r\u00e9solu, pourvu que \u00e7a dure&#8230; 30\/03\/2020 (18h45) : article DNA relatant la panne. Dans un article des DNA \u00e0 para\u00eetre demain et relatant la panne signal\u00e9e par le Maire et certains habitants, on nous donne une &hellip; <\/p>\n<p><a class=\"more-link btn\" href=\"https:\/\/www.lembach.fr\/mairie\/2020\/03\/31\/panne-demetteur-mobile\/\">Lire la suite<\/a><\/p>\n","protected":false},"author":1,"featured_media":0,"comment_status":"closed","ping_status":"closed","sticky":false,"template":"","format":"standard","meta":{"footnotes":""},"categories":[16],"tags":[],"class_list":["post-6015","post","type-post","status-publish","format-standard","hentry","category-technologie","item-wrap"],"_links":{"self":[{"href":"https:\/\/www.lembach.fr\/mairie\/wp-json\/wp\/v2\/posts\/6015","targetHints":{"allow":["GET"]}}],"collection":[{"href":"https:\/\/www.lembach.fr\/mairie\/wp-json\/wp\/v2\/posts"}],"about":[{"href":"https:\/\/www.lembach.fr\/mairie\/wp-json\/wp\/v2\/types\/post"}],"author":[{"embeddable":true,"href":"https:\/\/www.lembach.fr\/mairie\/wp-json\/wp\/v2\/users\/1"}],"replies":[{"embeddable":true,"href":"https:\/\/www.lembach.fr\/mairie\/wp-json\/wp\/v2\/comments?post=6015"}],"version-history":[{"count":0,"href":"https:\/\/www.lembach.fr\/mairie\/wp-json\/wp\/v2\/posts\/6015\/revisions"}],"wp:attachment":[{"href":"https:\/\/www.lembach.fr\/mairie\/wp-json\/wp\/v2\/media?parent=6015"}],"wp:term":[{"taxonomy":"category","embeddable":true,"href":"https:\/\/www.lembach.fr\/mairie\/wp-json\/wp\/v2\/categories?post=6015"},{"taxonomy":"post_tag","embeddable":true,"href":"https:\/\/www.lembach.fr\/mairie\/wp-json\/wp\/v2\/tags?post=6015"}],"curies":[{"name":"wp","href":"https:\/\/api.w.org\/{rel}","templated":true}]}}