{"id":6013,"date":"2020-03-27T17:11:34","date_gmt":"2020-03-27T16:11:34","guid":{"rendered":"https:\/\/www.lembach.fr\/mairie\/?p=6013"},"modified":"2020-03-27T17:11:34","modified_gmt":"2020-03-27T16:11:34","slug":"covid-19-le-mot-du-maire-du-27-mars","status":"publish","type":"post","link":"https:\/\/www.lembach.fr\/mairie\/2020\/03\/27\/covid-19-le-mot-du-maire-du-27-mars\/","title":{"rendered":"Covid-19 : le mot du Maire du 27 mars"},"content":{"rendered":"<p>Madame, Monsieur,<\/p>\n<p>Il y a quelques jours je vous ai adress\u00e9 un message sur le site internet afin de vous faire part de la solidarit\u00e9 communale en ces temps difficiles. J\u2019insistais sur la n\u00e9cessit\u00e9 de respecter le confinement malgr\u00e9 le soleil qui appelle.<\/p>\n<p>Aujourd\u2019hui plus qu\u2019hier il est capital de se montrer le plus prudent possible, en sortant que s\u2019il le faut absolument, en veillant de ne pas entrer en contact avec d\u2019autres personnes. Je mesure le sacrifice que cela repr\u00e9sente mais la victoire sur le virus est \u00e0 ce prix.<\/p>\n<p>Une fois de plus je voudrais m\u2019adresser \u00e0 toutes celles et ceux qui sont soignants, mobilis\u00e9s comme jamais. Nous leur devons notre admiration et notre gratitude. Merci aussi \u00e0 nos gendarmes, \u00e0 nos pompiers. Je voudrais aussi remercier nos commerces qui non seulement assurent un service vital mais doivent le faire dans des conditions d\u00e9licates. Facilitons leur la t\u00e2che en nous montrant plus que prudents lors de nos achats. Souvenons-nous de cet engagement pour la population locale quand la crise sera pass\u00e9e !<\/p>\n<p>Une pens\u00e9e particuli\u00e8re va \u00e0 toutes les personnes malades, \u00e0 toutes les personnes seules. Je sais que chacune et chacun a des contacts mais je voudrais tout de m\u00eame leur adresser nos salutations les plus amicales. Souvenons-nous de <em><strong>M. G\u00e9rard Foltzenlogel<\/strong><\/em> qui vient de nous quitter le 23 mars \u00e0 l\u2019\u00e2ge de 90 ans. Sinc\u00e8res condol\u00e9ances \u00e0 son \u00e9pouse, ses enfants, sa famille.<\/p>\n<p>En tant qu\u2019\u00e9lu je suis aussi interpell\u00e9 par tout ce que je peux lire et entendre sur cette crise, sur sa gestion par notre gouvernement. De gr\u00e2ce, ne rajoutons pas du malheur au malheur. Montrons-nous unis, montrons-nous solidaires. Au diable les querelles inutiles. Il n\u2019y a qu\u2019un combat, celui contre la maladie. C\u2019est ce combat qui doit mobiliser notre \u00e9nergie.<\/p>\n<p>Gardons la t\u00eate froide, gardons le moral. A bient\u00f4t !<\/p>\n<p><strong><em>Liewi Frend,<\/em><\/strong><br \/>\n<strong><em>Wie vor e p\u00e0\u00e0r D\u00e0\u00e0 wott ich eich \u00e0lli begresse in denne bsundersch herte Zitte. Links un rachts h\u00e4rt m\u2019r : so ebs h\u00e0ts noch net gann ! Laader doch, bloss h\u00e0ts de Manschhaat vergasse. Browiere st\u00e0bil ze bliewe, un d\u2019Hoffnung b\u2019h\u00e0lte. Des isch laader \u00e0lles schnaller gs\u00e0cht wie gem\u00e0cht !<\/em><\/strong><br \/>\n<strong><em>M\u00e0che oweds \u00e0m 18 \u00dchr s\u2019Fanschter uff, fer d\u2019Glocke ze h\u00e4re. S\u2019 sinn Glocke vum Laawe, vun de Lieb, vum Z\u00e0mmeh\u00e0lte.<\/em><\/strong><br \/>\n<strong><em>Harzlich<\/em><\/strong><\/p>\n<p style=\"text-align: right;\">Charles SCHLOSSER, maire<\/p>\n","protected":false},"excerpt":{"rendered":"<p>Madame, Monsieur, Il y a quelques jours je vous ai adress\u00e9 un message sur le site internet afin de vous faire part de la solidarit\u00e9 communale en ces temps difficiles. J\u2019insistais sur la n\u00e9cessit\u00e9 de respecter le confinement malgr\u00e9 le soleil qui appelle. Aujourd\u2019hui plus qu\u2019hier il est capital de se montrer le plus prudent &hellip; <\/p>\n<p><a class=\"more-link btn\" href=\"https:\/\/www.lembach.fr\/mairie\/2020\/03\/27\/covid-19-le-mot-du-maire-du-27-mars\/\">Lire la suite<\/a><\/p>\n","protected":false},"author":1,"featured_media":0,"comment_status":"closed","ping_status":"closed","sticky":false,"template":"","format":"standard","meta":{"footnotes":""},"categories":[24],"tags":[],"class_list":["post-6013","post","type-post","status-publish","format-standard","hentry","category-covid-19","item-wrap"],"_links":{"self":[{"href":"https:\/\/www.lembach.fr\/mairie\/wp-json\/wp\/v2\/posts\/6013","targetHints":{"allow":["GET"]}}],"collection":[{"href":"https:\/\/www.lembach.fr\/mairie\/wp-json\/wp\/v2\/posts"}],"about":[{"href":"https:\/\/www.lembach.fr\/mairie\/wp-json\/wp\/v2\/types\/post"}],"author":[{"embeddable":true,"href":"https:\/\/www.lembach.fr\/mairie\/wp-json\/wp\/v2\/users\/1"}],"replies":[{"embeddable":true,"href":"https:\/\/www.lembach.fr\/mairie\/wp-json\/wp\/v2\/comments?post=6013"}],"version-history":[{"count":0,"href":"https:\/\/www.lembach.fr\/mairie\/wp-json\/wp\/v2\/posts\/6013\/revisions"}],"wp:attachment":[{"href":"https:\/\/www.lembach.fr\/mairie\/wp-json\/wp\/v2\/media?parent=6013"}],"wp:term":[{"taxonomy":"category","embeddable":true,"href":"https:\/\/www.lembach.fr\/mairie\/wp-json\/wp\/v2\/categories?post=6013"},{"taxonomy":"post_tag","embeddable":true,"href":"https:\/\/www.lembach.fr\/mairie\/wp-json\/wp\/v2\/tags?post=6013"}],"curies":[{"name":"wp","href":"https:\/\/api.w.org\/{rel}","templated":true}]}}